{"id":21440,"date":"2025-09-06T18:19:05","date_gmt":"2025-09-06T22:19:05","guid":{"rendered":"https:\/\/entretormentas.com\/?p=21440"},"modified":"2025-09-06T18:19:06","modified_gmt":"2025-09-06T22:19:06","slug":"en-san-francisco-comienza-rehabilitacion-del-genesis-petit-para-fortalecer-la-red-oncologica-del-zulia","status":"publish","type":"post","link":"https:\/\/entretormentas.com\/en-san-francisco-comienza-rehabilitacion-del-genesis-petit-para-fortalecer-la-red-oncologica-del-zulia\/","title":{"rendered":"\u00a1EN SAN FRANCISCO! Comienza rehabilitaci\u00f3n del G\u00e9nesis Petit para fortalecer la Red Oncol\u00f3gica del Zulia"},"content":{"rendered":"\n<p><strong>ENTRE TORMENTAS. <\/strong>El Gobernador Bolivariano del estado Zulia, Luis Caldera, marc\u00f3 el comienzo de los trabajos de rehabilitaci\u00f3n del Oncol\u00f3gico G\u00e9nesis Petit, en el municipio San Francisco, dentro del Plan Cayapa de la Salud 2025, el cual suma con este 34 plantel de sanitarios abordados para su recobro en infraestructura y dotaci\u00f3n.<\/p>\n\n\n\n<p>La recuperaci\u00f3n del G\u00e9nesis Petit, viene a fortalecer la reci\u00e9n creada Red Oncol\u00f3gica del Zulia Yulimar Morales, que permitir\u00e1 una atenci\u00f3n adecuada, \u00f3ptima y oportuna a los pacientes que batallan por su vida frente al c\u00e1ncer. Los trabajos se hacen de manera articulada entre el Gobierno Nacional del presidente Nicol\u00e1s Maduro, la Gobernaci\u00f3n del Zulia y la Alcald\u00eda de San Francisco.<\/p>\n\n\n\n<figure class=\"wp-block-image size-large\"><img fetchpriority=\"high\" decoding=\"async\" width=\"1024\" height=\"683\" src=\"https:\/\/entretormentas.com\/wp-content\/uploads\/2025\/09\/oncopetit2-1024x683.jpeg\" alt=\"\" class=\"wp-image-21441\" srcset=\"https:\/\/entretormentas.com\/wp-content\/uploads\/2025\/09\/oncopetit2-1024x683.jpeg 1024w, https:\/\/entretormentas.com\/wp-content\/uploads\/2025\/09\/oncopetit2-300x200.jpeg 300w, https:\/\/entretormentas.com\/wp-content\/uploads\/2025\/09\/oncopetit2-768x512.jpeg 768w, https:\/\/entretormentas.com\/wp-content\/uploads\/2025\/09\/oncopetit2.jpeg 1280w\" sizes=\"(max-width: 1024px) 100vw, 1024px\" \/><\/figure>\n\n\n\n<p>\u201cSeguimos trabajando en la Red Oncol\u00f3gica Yulimar Morales\u201d, exclam\u00f3 el mandatario regional al manifestar que este centro de salud estar\u00e1 rehabilitado pr\u00f3ximamente para continuar brindando su atenci\u00f3n para la prevenci\u00f3n, consulta, realizaci\u00f3n de quimioterapia y entrega de medicamentos oncol\u00f3gicos.<\/p>\n\n\n\n<p>El mandatario regional estuvo acompa\u00f1ado del alcalde Bolivariano de San Francisco, H\u00e9ctor Soto, quien explic\u00f3 que entre las obras se cuenta la climatizaci\u00f3n con la instalaci\u00f3n de 50 toneladas de aire acondicionado que sumar\u00e1n las 70 necesarias para este plantel de salud; as\u00ed como trabajos de adecuaci\u00f3n en la pintura en los mil 400 metros de infraestructura.<\/p>\n\n\n\n<figure class=\"wp-block-image size-large\"><img decoding=\"async\" width=\"1024\" height=\"683\" src=\"https:\/\/entretormentas.com\/wp-content\/uploads\/2025\/09\/oncopetit3-1024x683.jpeg\" alt=\"\" class=\"wp-image-21442\" srcset=\"https:\/\/entretormentas.com\/wp-content\/uploads\/2025\/09\/oncopetit3-1024x683.jpeg 1024w, https:\/\/entretormentas.com\/wp-content\/uploads\/2025\/09\/oncopetit3-300x200.jpeg 300w, https:\/\/entretormentas.com\/wp-content\/uploads\/2025\/09\/oncopetit3-768x512.jpeg 768w, https:\/\/entretormentas.com\/wp-content\/uploads\/2025\/09\/oncopetit3.jpeg 1280w\" sizes=\"(max-width: 1024px) 100vw, 1024px\" \/><\/figure>\n\n\n\n<p>Estima que en dos semanas estar\u00e1n listos los trabajos para que este centro, con capacidad para atender 300 pacientes no solo de San Francisco, sino del Zulia y de estados vecinos, se incorpore a la Red Oncol\u00f3gica del Zulia.<\/p>\n\n\n\n<p>Liseny Troconis, agradeci\u00f3 por la llegada del Plan Cayapa de la Salud al Oncol\u00f3gico G\u00e9nesis Petit, espacio que, manifest\u00f3, se encontraba en abandono. \u201cCon estas labores nos garantizan el bienestar al paciente de oncolog\u00eda, es una alegr\u00eda para nosotros que este centro este de nuevo operativo, funcionando. Gracias al presidente Maduro, al gobernador Caldera y al alcalde H\u00e9ctor Soto, por pensar en la salud del pueblo.<br><strong><em>ET \/ Nota de Prensa<\/em><\/strong><\/p>\n","protected":false},"excerpt":{"rendered":"<p>ENTRE TORMENTAS. El Gobernador Bolivariano del estado Zulia, Luis Caldera, marc\u00f3 el comienzo de los&#8230;<\/p>\n","protected":false},"author":2,"featured_media":21443,"comment_status":"closed","ping_status":"open","sticky":false,"template":"","format":"standard","meta":{"footnotes":""},"categories":[57,1],"tags":[],"class_list":["post-21440","post","type-post","status-publish","format-standard","has-post-thumbnail","hentry","category-actualidad","category-regionales"],"_links":{"self":[{"href":"https:\/\/entretormentas.com\/index.php?rest_route=\/wp\/v2\/posts\/21440","targetHints":{"allow":["GET"]}}],"collection":[{"href":"https:\/\/entretormentas.com\/index.php?rest_route=\/wp\/v2\/posts"}],"about":[{"href":"https:\/\/entretormentas.com\/index.php?rest_route=\/wp\/v2\/types\/post"}],"author":[{"embeddable":true,"href":"https:\/\/entretormentas.com\/index.php?rest_route=\/wp\/v2\/users\/2"}],"replies":[{"embeddable":true,"href":"https:\/\/entretormentas.com\/index.php?rest_route=%2Fwp%2Fv2%2Fcomments&post=21440"}],"version-history":[{"count":1,"href":"https:\/\/entretormentas.com\/index.php?rest_route=\/wp\/v2\/posts\/21440\/revisions"}],"predecessor-version":[{"id":21444,"href":"https:\/\/entretormentas.com\/index.php?rest_route=\/wp\/v2\/posts\/21440\/revisions\/21444"}],"wp:featuredmedia":[{"embeddable":true,"href":"https:\/\/entretormentas.com\/index.php?rest_route=\/wp\/v2\/media\/21443"}],"wp:attachment":[{"href":"https:\/\/entretormentas.com\/index.php?rest_route=%2Fwp%2Fv2%2Fmedia&parent=21440"}],"wp:term":[{"taxonomy":"category","embeddable":true,"href":"https:\/\/entretormentas.com\/index.php?rest_route=%2Fwp%2Fv2%2Fcategories&post=21440"},{"taxonomy":"post_tag","embeddable":true,"href":"https:\/\/entretormentas.com\/index.php?rest_route=%2Fwp%2Fv2%2Ftags&post=21440"}],"curies":[{"name":"wp","href":"https:\/\/api.w.org\/{rel}","templated":true}]}}