{"id":21445,"date":"2025-09-06T18:25:02","date_gmt":"2025-09-06T22:25:02","guid":{"rendered":"https:\/\/entretormentas.com\/?p=21445"},"modified":"2025-09-06T18:25:04","modified_gmt":"2025-09-06T22:25:04","slug":"gobernacion-y-alcaldia-plan-estadal-de-asfaltado-se-amplia-a-san-francisco-para-recuperar-su-vialidad","status":"publish","type":"post","link":"https:\/\/entretormentas.com\/gobernacion-y-alcaldia-plan-estadal-de-asfaltado-se-amplia-a-san-francisco-para-recuperar-su-vialidad\/","title":{"rendered":"\u00a1GOBERNACI\u00d3N Y ALCALD\u00cdA! Plan Estadal de Asfaltado se ampl\u00eda a San Francisco para recuperar su vialidad"},"content":{"rendered":"\n<p><strong>ENTRE TORMENTAS. <\/strong>El Plan Estadal de Asfaltado que lleva adelante el gobernador Luis Caldera, se contin\u00faa extendiendo a los municipios de la entidad zuliana, cumpliendo con el compromiso de recuperar la vialidad que implica calidad de vida para los ciudadanos al optimizar el transporte, reducir accidentes de tr\u00e1nsito y mejorar la conectividad.<\/p>\n\n\n\n<p>El mandatario zuliano destac\u00f3 que la cantidad de toneladas mencionadas se aplicar\u00e1 a lo largo del mes de septiembre, en un plan territorial del alcalde y su equipo de gobierno, junto a comuneros y comuneras, la Gobernaci\u00f3n a trav\u00e9s de la Secretar\u00eda de Infraestructura y la Vicepresidencia Sectorial de Obras y Servicios P\u00fablicos, para la atenci\u00f3n de varios puntos, que se ir\u00e1n asignado y reasignando.<\/p>\n\n\n\n<figure class=\"wp-block-image size-large\"><img fetchpriority=\"high\" decoding=\"async\" width=\"1024\" height=\"683\" src=\"https:\/\/entretormentas.com\/wp-content\/uploads\/2025\/09\/viasur2-1024x683.jpeg\" alt=\"\" class=\"wp-image-21446\" srcset=\"https:\/\/entretormentas.com\/wp-content\/uploads\/2025\/09\/viasur2-1024x683.jpeg 1024w, https:\/\/entretormentas.com\/wp-content\/uploads\/2025\/09\/viasur2-300x200.jpeg 300w, https:\/\/entretormentas.com\/wp-content\/uploads\/2025\/09\/viasur2-768x512.jpeg 768w, https:\/\/entretormentas.com\/wp-content\/uploads\/2025\/09\/viasur2.jpeg 1280w\" sizes=\"(max-width: 1024px) 100vw, 1024px\" \/><\/figure>\n\n\n\n<p>Anunci\u00f3 que el plan se extender\u00e1 el pr\u00f3ximo martes 9 de septiembre en el municipio Jes\u00fas Enrique Lossada y record\u00f3 que el pasado mi\u00e9rcoles 3 se marc\u00f3 el comienzo en Cabimas.<\/p>\n\n\n\n<p>El alcalde de San Francisco, H\u00e9ctor Soto, explic\u00f3 que hace una semana se vienen cumpliendo las directrices del gobernador Caldera y del presidente Maduro, restableciendo el alumbrado p\u00fablico en la v\u00eda donde se inicia el plan de asfaltado.<\/p>\n\n\n\n<p>Indic\u00f3 que el asfaltado se cumplir\u00e1 en la avenida 171 donde contempla la aplicaci\u00f3n de mil 600 toneladas en un tramo de 10,6 kil\u00f3metros, distribuidos en tres sectores: desde la calle 171 hasta la avenida 51 (Los Navas), desde Los Navas hasta la avenida 165 (v\u00eda Casa de los Espejos), y finalmente desde la avenida 49 en el sector Los Cactus hasta la calle 189 (en el popular Pare). Adem\u00e1s, se a\u00f1adieron 470 toneladas de asfalto en la avenida 48 del sector Billiquin, parroquia Domitila Flores.<\/p>\n\n\n\n<figure class=\"wp-block-image size-large\"><img decoding=\"async\" width=\"1024\" height=\"683\" src=\"https:\/\/entretormentas.com\/wp-content\/uploads\/2025\/09\/viasur3-1024x683.jpeg\" alt=\"\" class=\"wp-image-21447\" srcset=\"https:\/\/entretormentas.com\/wp-content\/uploads\/2025\/09\/viasur3-1024x683.jpeg 1024w, https:\/\/entretormentas.com\/wp-content\/uploads\/2025\/09\/viasur3-300x200.jpeg 300w, https:\/\/entretormentas.com\/wp-content\/uploads\/2025\/09\/viasur3-768x512.jpeg 768w, https:\/\/entretormentas.com\/wp-content\/uploads\/2025\/09\/viasur3.jpeg 1280w\" sizes=\"(max-width: 1024px) 100vw, 1024px\" \/><\/figure>\n\n\n\n<p>Xiomara Urdaneta, habitante de Sn Francisco, expuso que el municipio est\u00e1 siendo de nuevo humanizado, luego de cuatro a\u00f1os de abandono. \u201cAhora, con nuestro gobernador Luis Caldera y nuestro alcalde H\u00e9ctor Soto, se siente una pol\u00edtica comprometida con el pueblo, con su territorio. Una pol\u00edtica que se construye al lado del pueblo, por eso hoy celebramos este plan de asfaltado que se hace junto a los tres niveles de gobierno\u201d, expres\u00f3.<br><strong><em>ET \/ Nota de Prensa<\/em><\/strong><\/p>\n\n\n\n<p><\/p>\n","protected":false},"excerpt":{"rendered":"<p>ENTRE TORMENTAS. El Plan Estadal de Asfaltado que lleva adelante el gobernador Luis Caldera, se&#8230;<\/p>\n","protected":false},"author":2,"featured_media":21448,"comment_status":"closed","ping_status":"open","sticky":false,"template":"","format":"standard","meta":{"footnotes":""},"categories":[57,1],"tags":[],"class_list":["post-21445","post","type-post","status-publish","format-standard","has-post-thumbnail","hentry","category-actualidad","category-regionales"],"_links":{"self":[{"href":"https:\/\/entretormentas.com\/index.php?rest_route=\/wp\/v2\/posts\/21445","targetHints":{"allow":["GET"]}}],"collection":[{"href":"https:\/\/entretormentas.com\/index.php?rest_route=\/wp\/v2\/posts"}],"about":[{"href":"https:\/\/entretormentas.com\/index.php?rest_route=\/wp\/v2\/types\/post"}],"author":[{"embeddable":true,"href":"https:\/\/entretormentas.com\/index.php?rest_route=\/wp\/v2\/users\/2"}],"replies":[{"embeddable":true,"href":"https:\/\/entretormentas.com\/index.php?rest_route=%2Fwp%2Fv2%2Fcomments&post=21445"}],"version-history":[{"count":1,"href":"https:\/\/entretormentas.com\/index.php?rest_route=\/wp\/v2\/posts\/21445\/revisions"}],"predecessor-version":[{"id":21449,"href":"https:\/\/entretormentas.com\/index.php?rest_route=\/wp\/v2\/posts\/21445\/revisions\/21449"}],"wp:featuredmedia":[{"embeddable":true,"href":"https:\/\/entretormentas.com\/index.php?rest_route=\/wp\/v2\/media\/21448"}],"wp:attachment":[{"href":"https:\/\/entretormentas.com\/index.php?rest_route=%2Fwp%2Fv2%2Fmedia&parent=21445"}],"wp:term":[{"taxonomy":"category","embeddable":true,"href":"https:\/\/entretormentas.com\/index.php?rest_route=%2Fwp%2Fv2%2Fcategories&post=21445"},{"taxonomy":"post_tag","embeddable":true,"href":"https:\/\/entretormentas.com\/index.php?rest_route=%2Fwp%2Fv2%2Ftags&post=21445"}],"curies":[{"name":"wp","href":"https:\/\/api.w.org\/{rel}","templated":true}]}}