{"id":21453,"date":"2025-09-06T18:35:27","date_gmt":"2025-09-06T22:35:27","guid":{"rendered":"https:\/\/entretormentas.com\/?p=21453"},"modified":"2025-09-06T18:35:27","modified_gmt":"2025-09-06T22:35:27","slug":"advertencia-maduro-dice-que-si-venezuela-fuera-agredida-pasaria-a-una-etapa-de-lucha-armada","status":"publish","type":"post","link":"https:\/\/entretormentas.com\/advertencia-maduro-dice-que-si-venezuela-fuera-agredida-pasaria-a-una-etapa-de-lucha-armada\/","title":{"rendered":"\u00a1ADVERTENCIA! Maduro dice que si Venezuela fuera agredida \u00abpasar\u00eda a una etapa de lucha armada\u00bb"},"content":{"rendered":"\n<p><strong>ENTRE TORMENTAS. <\/strong>El presidente Nicol\u00e1s Maduro afirm\u00f3 este viernes que si el pa\u00eds fuera agredido \u00abpasar\u00eda a una etapa de lucha armada, ante las \u00abamenazas\u00bb de Estados Unidos, que lleva a cabo un despliegue militar en el mar Caribe, inform\u00f3 EFE.<\/p>\n\n\n\n<p>Maduro indic\u00f3 que Venezuela est\u00e1 \u00abtodav\u00eda en la fase de lucha no armada, que es una fase pol\u00edtica, comunicacional, institucional\u00bb, pero, agreg\u00f3, si \u00abfuera agredida, de alguna forma, pasar\u00eda a una etapa de lucha armada, planificada, organizada, de todo el pueblo contra la agresi\u00f3n, sea local, regional o nacional\u00bb.<\/p>\n\n\n\n<p>\u00abPasar\u00edamos a una etapa de lucha armada, en defensa de la paz, de la integridad territorial, la soberan\u00eda y de nuestro pueblo\u00bb, agreg\u00f3 en un acto de activaci\u00f3n de las milicias ciudadanas.<\/p>\n\n\n\n<p>Asimismo, se\u00f1al\u00f3 que Venezuela est\u00e1 en la \u00abfase de alistamiento y preparaci\u00f3n\u00bb en defensa de Venezuela y pasar\u00e1 al \u00abdespliegue de las capacidades defensivas, de entrenamiento y reentrenamiento de toda la poblaci\u00f3n venezolana\u00bb.<br><strong><em>ET \/ EFE<\/em><\/strong><\/p>\n","protected":false},"excerpt":{"rendered":"<p>ENTRE TORMENTAS. El presidente Nicol\u00e1s Maduro afirm\u00f3 este viernes que si el pa\u00eds fuera agredido&#8230;<\/p>\n","protected":false},"author":2,"featured_media":21454,"comment_status":"closed","ping_status":"open","sticky":false,"template":"","format":"standard","meta":{"footnotes":""},"categories":[56,49],"tags":[],"class_list":["post-21453","post","type-post","status-publish","format-standard","has-post-thumbnail","hentry","category-destacadas","category-nacionales"],"_links":{"self":[{"href":"https:\/\/entretormentas.com\/index.php?rest_route=\/wp\/v2\/posts\/21453","targetHints":{"allow":["GET"]}}],"collection":[{"href":"https:\/\/entretormentas.com\/index.php?rest_route=\/wp\/v2\/posts"}],"about":[{"href":"https:\/\/entretormentas.com\/index.php?rest_route=\/wp\/v2\/types\/post"}],"author":[{"embeddable":true,"href":"https:\/\/entretormentas.com\/index.php?rest_route=\/wp\/v2\/users\/2"}],"replies":[{"embeddable":true,"href":"https:\/\/entretormentas.com\/index.php?rest_route=%2Fwp%2Fv2%2Fcomments&post=21453"}],"version-history":[{"count":1,"href":"https:\/\/entretormentas.com\/index.php?rest_route=\/wp\/v2\/posts\/21453\/revisions"}],"predecessor-version":[{"id":21455,"href":"https:\/\/entretormentas.com\/index.php?rest_route=\/wp\/v2\/posts\/21453\/revisions\/21455"}],"wp:featuredmedia":[{"embeddable":true,"href":"https:\/\/entretormentas.com\/index.php?rest_route=\/wp\/v2\/media\/21454"}],"wp:attachment":[{"href":"https:\/\/entretormentas.com\/index.php?rest_route=%2Fwp%2Fv2%2Fmedia&parent=21453"}],"wp:term":[{"taxonomy":"category","embeddable":true,"href":"https:\/\/entretormentas.com\/index.php?rest_route=%2Fwp%2Fv2%2Fcategories&post=21453"},{"taxonomy":"post_tag","embeddable":true,"href":"https:\/\/entretormentas.com\/index.php?rest_route=%2Fwp%2Fv2%2Ftags&post=21453"}],"curies":[{"name":"wp","href":"https:\/\/api.w.org\/{rel}","templated":true}]}}