{"id":21466,"date":"2025-09-06T20:42:02","date_gmt":"2025-09-07T00:42:02","guid":{"rendered":"https:\/\/entretormentas.com\/?p=21466"},"modified":"2025-09-06T20:42:03","modified_gmt":"2025-09-07T00:42:03","slug":"mas-de-20-mil-ninos-atendidos-plan-vacacional-comunitario-venezuela-rie-2025-cierra-su-ciclo-en-san-francisco","status":"publish","type":"post","link":"https:\/\/entretormentas.com\/mas-de-20-mil-ninos-atendidos-plan-vacacional-comunitario-venezuela-rie-2025-cierra-su-ciclo-en-san-francisco\/","title":{"rendered":"\u00a1M\u00c1S DE 20 MIL NI\u00d1OS ATENDIDOS! Plan Vacacional Comunitario \u201cVenezuela R\u00ede 2025&#8243; cierra su ciclo en San Francisco"},"content":{"rendered":"\n<p><strong>ENTRE TORMENTAS. <\/strong>Como iniciativa para la sana recreaci\u00f3n de los ni\u00f1os de Venezuela, el Presidente Nicol\u00e1s Maduro Moros impuls\u00f3 el Plan Vacacional Comunitario \u201cVenezuela R\u00ede 2025\u201d, que bajo el liderazgo del Gobernador Luis Gerardo Caldera y el Alcalde de San Francisco, H\u00e9ctor Soto, junto a la juventud del municipio, beneficiaron a m\u00e1s de 20 mil ni\u00f1os y j\u00f3venes de las siete parroquias de la entidad sure\u00f1a, quienes vivieron jornadas llenas de alegr\u00eda y deporte en un ambiente seguro.<\/p>\n\n\n\n<p>Tomas Ortiz, concejal y coordinador de estas actividades comunitarias recreacionales en San Francisco, declar\u00f3 que: \u00abgracias al apoyo y despliegue de la Red Integral de Recreaci\u00f3n de Venezuela (R\u00cdE), con 260 recreadores y recreadoras, y a la juventud de San Francisco, se llevaron a las comunidades desasistidas, circuitos comunales y escuelas sure\u00f1as pintacaritas, din\u00e1micas de aprendizaje, juegos, inflables, trampolines, juguetes y golosinas\u00bb.<\/p>\n\n\n\n<figure class=\"wp-block-image size-large\"><img fetchpriority=\"high\" decoding=\"async\" width=\"1024\" height=\"768\" src=\"https:\/\/entretormentas.com\/wp-content\/uploads\/2025\/09\/plansur1-1024x768.jpeg\" alt=\"\" class=\"wp-image-21467\" srcset=\"https:\/\/entretormentas.com\/wp-content\/uploads\/2025\/09\/plansur1-1024x768.jpeg 1024w, https:\/\/entretormentas.com\/wp-content\/uploads\/2025\/09\/plansur1-300x225.jpeg 300w, https:\/\/entretormentas.com\/wp-content\/uploads\/2025\/09\/plansur1-768x576.jpeg 768w, https:\/\/entretormentas.com\/wp-content\/uploads\/2025\/09\/plansur1.jpeg 1080w\" sizes=\"(max-width: 1024px) 100vw, 1024px\" \/><\/figure>\n\n\n\n<p>A su vez, Ortiz se\u00f1al\u00f3 que las actividades contaron con la participaci\u00f3n para el resguardo y la atenci\u00f3n integral de los menores de los cuerpos de seguridad, entre ellos la Polic\u00eda Municipal de San Francisco (Polisur), la Polic\u00eda Nacional Bolivariana (PNB), la Guardia del Pueblo y equipos de la Universidad Nacional Experimental de la Seguridad (Unes), la Direcci\u00f3n de Prevenci\u00f3n y Seguridad Ciudadana (DPSC), adem\u00e1s de personal m\u00e9dico del Instituto Municipal de Salud (Imsasur), quienes acompa\u00f1aron el desarrollo de las actividades.<\/p>\n\n\n\n<p>Esta iniciativa contempla los cuatro niveles de gobierno, donde se busca resaltar la importancia de la infancia, desarrollando actividades para el esparcimiento de los m\u00e1s peque\u00f1os, alej\u00e1ndolos del uso excesivo de dispositivos electr\u00f3nicos e involucr\u00e1ndolos en el deporte como actividades para el crecimiento intelectual antes del comienzo del a\u00f1o escolar 2025-2026.<br><strong><em>ET \/ Nota de Prensa<\/em><\/strong><\/p>\n","protected":false},"excerpt":{"rendered":"<p>ENTRE TORMENTAS. Como iniciativa para la sana recreaci\u00f3n de los ni\u00f1os de Venezuela, el Presidente&#8230;<\/p>\n","protected":false},"author":2,"featured_media":21468,"comment_status":"closed","ping_status":"open","sticky":false,"template":"","format":"standard","meta":{"footnotes":""},"categories":[57,1],"tags":[],"class_list":["post-21466","post","type-post","status-publish","format-standard","has-post-thumbnail","hentry","category-actualidad","category-regionales"],"_links":{"self":[{"href":"https:\/\/entretormentas.com\/index.php?rest_route=\/wp\/v2\/posts\/21466","targetHints":{"allow":["GET"]}}],"collection":[{"href":"https:\/\/entretormentas.com\/index.php?rest_route=\/wp\/v2\/posts"}],"about":[{"href":"https:\/\/entretormentas.com\/index.php?rest_route=\/wp\/v2\/types\/post"}],"author":[{"embeddable":true,"href":"https:\/\/entretormentas.com\/index.php?rest_route=\/wp\/v2\/users\/2"}],"replies":[{"embeddable":true,"href":"https:\/\/entretormentas.com\/index.php?rest_route=%2Fwp%2Fv2%2Fcomments&post=21466"}],"version-history":[{"count":1,"href":"https:\/\/entretormentas.com\/index.php?rest_route=\/wp\/v2\/posts\/21466\/revisions"}],"predecessor-version":[{"id":21469,"href":"https:\/\/entretormentas.com\/index.php?rest_route=\/wp\/v2\/posts\/21466\/revisions\/21469"}],"wp:featuredmedia":[{"embeddable":true,"href":"https:\/\/entretormentas.com\/index.php?rest_route=\/wp\/v2\/media\/21468"}],"wp:attachment":[{"href":"https:\/\/entretormentas.com\/index.php?rest_route=%2Fwp%2Fv2%2Fmedia&parent=21466"}],"wp:term":[{"taxonomy":"category","embeddable":true,"href":"https:\/\/entretormentas.com\/index.php?rest_route=%2Fwp%2Fv2%2Fcategories&post=21466"},{"taxonomy":"post_tag","embeddable":true,"href":"https:\/\/entretormentas.com\/index.php?rest_route=%2Fwp%2Fv2%2Ftags&post=21466"}],"curies":[{"name":"wp","href":"https:\/\/api.w.org\/{rel}","templated":true}]}}