{"id":21470,"date":"2025-09-06T20:46:31","date_gmt":"2025-09-07T00:46:31","guid":{"rendered":"https:\/\/entretormentas.com\/?p=21470"},"modified":"2025-09-06T20:46:32","modified_gmt":"2025-09-07T00:46:32","slug":"desde-la-laguna-de-sinamaica-instalan-en-el-zulia-576-unidades-comunales-de-milicia","status":"publish","type":"post","link":"https:\/\/entretormentas.com\/desde-la-laguna-de-sinamaica-instalan-en-el-zulia-576-unidades-comunales-de-milicia\/","title":{"rendered":"\u00a1DESDE LA LAGUNA DE SINAMAICA! Instalan en el Zulia 576 Unidades Comunales de Milicia"},"content":{"rendered":"\n<p><strong>ENTRE TORMENTAS. <\/strong>Desde la Laguna de Sinamaica, municipio Guajira, el gobernador del estado Zulia Luis Caldera; los comandantes de la Regi\u00f3n Estrat\u00e9gica de Defensa Integral Occidente (Redi-Occidente) y de la Zona de Defensa integral Zulia (Zodi-Zulia), MG Pedro Gonz\u00e1lez y GD Javier Magallanes, respectivamente, y la alcaldesa de Guajira, Marialena Beltr\u00e1n, acompa\u00f1aron a la instalaci\u00f3n de las 576 Unidades Comunales de Milicia conformadas en la entidad zuliana.<\/p>\n\n\n\n<p>Junto a la poblaci\u00f3n a\u00f1\u00fa, el mandatario regional y las autoridades recorrieron la Laguna de Sinamaica en peque\u00f1as embarcaciones alzando las banderas y la voz de la dignidad de un pueblo que est\u00e1 dispuesto a defender la paz desde todos los rincones del territorio.<\/p>\n\n\n\n<figure class=\"wp-block-image size-large\"><img fetchpriority=\"high\" decoding=\"async\" width=\"1024\" height=\"682\" src=\"https:\/\/entretormentas.com\/wp-content\/uploads\/2025\/09\/sinamaica2-1024x682.jpeg\" alt=\"\" class=\"wp-image-21471\" srcset=\"https:\/\/entretormentas.com\/wp-content\/uploads\/2025\/09\/sinamaica2-1024x682.jpeg 1024w, https:\/\/entretormentas.com\/wp-content\/uploads\/2025\/09\/sinamaica2-300x200.jpeg 300w, https:\/\/entretormentas.com\/wp-content\/uploads\/2025\/09\/sinamaica2-768x512.jpeg 768w, https:\/\/entretormentas.com\/wp-content\/uploads\/2025\/09\/sinamaica2.jpeg 1280w\" sizes=\"(max-width: 1024px) 100vw, 1024px\" \/><\/figure>\n\n\n\n<p>La vocera a\u00f1\u00fa Audalyz Baje, expres\u00f3 que los ind\u00edgenas de la Laguna de Sinamaica est\u00e1n preparados para defender la libertad por la que luch\u00f3 Sim\u00f3n Bol\u00edvar y que se mantienen de pie ante cualquier llamado del presidente Nicol\u00e1s Maduro. \u201cSomos un pueblo conformado por 17 Consejos Comunales, tres mil familias y ocho mil habitantes listos para defender la soberan\u00eda, la patria\u201d, expres\u00f3.<\/p>\n\n\n\n<p>El gobernador Caldera destac\u00f3 que en este espacio territorial donde hacen vida dos comunas, el pueblo acudi\u00f3 no solo para registrarse en la Milicia Nacional, sino tambi\u00e9n para la organizaci\u00f3n y preparaci\u00f3n para toda la fase del sistema defensivo, el entrenamiento y despliegue.<\/p>\n\n\n\n<p>\u201cVienen a alzar la voz por nuestro derecho a existir como naci\u00f3n, por nuestro derecho a la paz, al progreso, a la soberan\u00eda junto al l\u00edder de la Revoluci\u00f3n Bolivariana, comandante en jefe de la Fuerza Armada Nacional y presidente de Venezuela y l\u00edder de los pueblos ind\u00edgenas, Nicol\u00e1s Maduro Moros\u201d, enfatiz\u00f3.<\/p>\n\n\n\n<p>El jefe de la Redi-Occidente, MG Gonz\u00e1lez, destac\u00f3 que el pueblo ancestral de la guajira venezolana, sali\u00f3 con sus banderas, sus consignas, sus brazaletes y su amor a la Patria.<\/p>\n\n\n\n<figure class=\"wp-block-image size-large\"><img decoding=\"async\" width=\"1024\" height=\"768\" src=\"https:\/\/entretormentas.com\/wp-content\/uploads\/2025\/09\/sinamaica3-1024x768.jpeg\" alt=\"\" class=\"wp-image-21472\" srcset=\"https:\/\/entretormentas.com\/wp-content\/uploads\/2025\/09\/sinamaica3-1024x768.jpeg 1024w, https:\/\/entretormentas.com\/wp-content\/uploads\/2025\/09\/sinamaica3-300x225.jpeg 300w, https:\/\/entretormentas.com\/wp-content\/uploads\/2025\/09\/sinamaica3-768x576.jpeg 768w, https:\/\/entretormentas.com\/wp-content\/uploads\/2025\/09\/sinamaica3.jpeg 1280w\" sizes=\"(max-width: 1024px) 100vw, 1024px\" \/><\/figure>\n\n\n\n<p>\u201cNuestro pueblo se siente agredido y sale con el amor en nuestra historia a defender lo que m\u00e1s sagrado, que es la paz. Los hijos de Bol\u00edvar, de Ch\u00e1vez, de Zamora estamos dispuestos a garantizar la paz de la Rep\u00fablica\u201d, manifest\u00f3.<\/p>\n\n\n\n<p>Por su parte, el jefe de la Zodi Zulia, GD Magallanes destac\u00f3 que los zulianos est\u00e1n demostrando en todo momento que tiene una conciencia Patria bien fortalecida y que est\u00e1 dispuesta a defender nuestra la libertad.<\/p>\n\n\n\n<p>La alcaldesa de Guajira, Beltr\u00e1n, resalt\u00f3 que los ind\u00edgenas est\u00e1n resteados con la patria soberana: \u201cEstamos listos para el combate, para la defensa de la paz. El pueblo wayuu, a\u00f1\u00fa estamos al frente para defender y mantener la paz en nuestros territorios\u201d.<br><strong><em>ET \/ Nota de Prensa<\/em><\/strong><\/p>\n\n\n\n<p><\/p>\n","protected":false},"excerpt":{"rendered":"<p>ENTRE TORMENTAS. Desde la Laguna de Sinamaica, municipio Guajira, el gobernador del estado Zulia Luis&#8230;<\/p>\n","protected":false},"author":2,"featured_media":21473,"comment_status":"closed","ping_status":"open","sticky":false,"template":"","format":"standard","meta":{"footnotes":""},"categories":[57,1],"tags":[],"class_list":["post-21470","post","type-post","status-publish","format-standard","has-post-thumbnail","hentry","category-actualidad","category-regionales"],"_links":{"self":[{"href":"https:\/\/entretormentas.com\/index.php?rest_route=\/wp\/v2\/posts\/21470","targetHints":{"allow":["GET"]}}],"collection":[{"href":"https:\/\/entretormentas.com\/index.php?rest_route=\/wp\/v2\/posts"}],"about":[{"href":"https:\/\/entretormentas.com\/index.php?rest_route=\/wp\/v2\/types\/post"}],"author":[{"embeddable":true,"href":"https:\/\/entretormentas.com\/index.php?rest_route=\/wp\/v2\/users\/2"}],"replies":[{"embeddable":true,"href":"https:\/\/entretormentas.com\/index.php?rest_route=%2Fwp%2Fv2%2Fcomments&post=21470"}],"version-history":[{"count":1,"href":"https:\/\/entretormentas.com\/index.php?rest_route=\/wp\/v2\/posts\/21470\/revisions"}],"predecessor-version":[{"id":21474,"href":"https:\/\/entretormentas.com\/index.php?rest_route=\/wp\/v2\/posts\/21470\/revisions\/21474"}],"wp:featuredmedia":[{"embeddable":true,"href":"https:\/\/entretormentas.com\/index.php?rest_route=\/wp\/v2\/media\/21473"}],"wp:attachment":[{"href":"https:\/\/entretormentas.com\/index.php?rest_route=%2Fwp%2Fv2%2Fmedia&parent=21470"}],"wp:term":[{"taxonomy":"category","embeddable":true,"href":"https:\/\/entretormentas.com\/index.php?rest_route=%2Fwp%2Fv2%2Fcategories&post=21470"},{"taxonomy":"post_tag","embeddable":true,"href":"https:\/\/entretormentas.com\/index.php?rest_route=%2Fwp%2Fv2%2Ftags&post=21470"}],"curies":[{"name":"wp","href":"https:\/\/api.w.org\/{rel}","templated":true}]}}