{"id":21475,"date":"2025-09-06T20:50:57","date_gmt":"2025-09-07T00:50:57","guid":{"rendered":"https:\/\/entretormentas.com\/?p=21475"},"modified":"2025-09-06T20:50:58","modified_gmt":"2025-09-07T00:50:58","slug":"mas-de-300-beneficiados-san-francisco-lleva-jornada-de-salud-comunitaria-al-sector-el-bebedero","status":"publish","type":"post","link":"https:\/\/entretormentas.com\/mas-de-300-beneficiados-san-francisco-lleva-jornada-de-salud-comunitaria-al-sector-el-bebedero\/","title":{"rendered":"\u00a1M\u00c1S DE 300 BENEFICIADOS! San Francisco lleva jornada de salud comunitaria al sector El Bebedero"},"content":{"rendered":"\n<p><strong>ENTRE TORMENTAS.<\/strong> Bajo los lineamientos del Alcalde de San Francisco, H\u00e9ctor Soto, y enmarcada en el Plan Luci\u00e9rnaga, se desarroll\u00f3 en el sector \u201cEl Bebedero\u201d de la parroquia San Francisco, una jornada de salud comunitaria que benefici\u00f3 a m\u00e1s de 300 personas, entre ni\u00f1os, j\u00f3venes, adultos y adultos mayores. Durante la actividad se realizaron despistajes de hipertensi\u00f3n arterial y diabetes mellitus, controles cardiovasculares escolares y una jornada de desparasitaci\u00f3n, acercando los servicios m\u00e9dicos preventivos directamente a la comunidad.<\/p>\n\n\n\n<p>El alcalde de la entidad sure\u00f1a destac\u00f3 que estas actividades son esenciales para garantizar atenci\u00f3n oportuna, fortalecer el bienestar de la poblaci\u00f3n y acercar los servicios a cada una de las siete parroquias del municipio, reafirmando su compromiso con la calidad de vida de todos los sanfranciscanos.<\/p>\n\n\n\n<figure class=\"wp-block-image size-large\"><img fetchpriority=\"high\" decoding=\"async\" width=\"1024\" height=\"768\" src=\"https:\/\/entretormentas.com\/wp-content\/uploads\/2025\/09\/benesur2-1024x768.jpeg\" alt=\"\" class=\"wp-image-21476\" srcset=\"https:\/\/entretormentas.com\/wp-content\/uploads\/2025\/09\/benesur2-1024x768.jpeg 1024w, https:\/\/entretormentas.com\/wp-content\/uploads\/2025\/09\/benesur2-300x225.jpeg 300w, https:\/\/entretormentas.com\/wp-content\/uploads\/2025\/09\/benesur2-768x576.jpeg 768w, https:\/\/entretormentas.com\/wp-content\/uploads\/2025\/09\/benesur2.jpeg 1280w\" sizes=\"(max-width: 1024px) 100vw, 1024px\" \/><\/figure>\n\n\n\n<p>La primera autoridad municipal de salud, Dr. Yohendry Luzardo, acompa\u00f1\u00f3 la jornada y resalt\u00f3 la importancia de este tipo de programas preventivos, desarrollados en conjunto con l\u00edderes comunitarios, l\u00edderes de calle, concejales, concejalas de la patria, el poder popular y UBCH, consolidando la participaci\u00f3n activa de la comunidad en la promoci\u00f3n de su propio bienestar.<\/p>\n\n\n\n<p>Esta actividad se enmarca en la pol\u00edtica municipal de garantizar la salud como un derecho fundamental y en la estrategia del Alcalde Soto de ofrecer atenci\u00f3n m\u00e9dica preventiva gratuita en cada sector, promoviendo el cuidado integral de la poblaci\u00f3n y reforzando los lazos entre gobierno local y ciudadan\u00eda.<br><strong><em>ET \/ Nota de Prensa<\/em><\/strong><\/p>\n\n\n\n<p><\/p>\n","protected":false},"excerpt":{"rendered":"<p>ENTRE TORMENTAS. Bajo los lineamientos del Alcalde de San Francisco, H\u00e9ctor Soto, y enmarcada en&#8230;<\/p>\n","protected":false},"author":2,"featured_media":21477,"comment_status":"closed","ping_status":"open","sticky":false,"template":"","format":"standard","meta":{"footnotes":""},"categories":[57,1],"tags":[],"class_list":["post-21475","post","type-post","status-publish","format-standard","has-post-thumbnail","hentry","category-actualidad","category-regionales"],"_links":{"self":[{"href":"https:\/\/entretormentas.com\/index.php?rest_route=\/wp\/v2\/posts\/21475","targetHints":{"allow":["GET"]}}],"collection":[{"href":"https:\/\/entretormentas.com\/index.php?rest_route=\/wp\/v2\/posts"}],"about":[{"href":"https:\/\/entretormentas.com\/index.php?rest_route=\/wp\/v2\/types\/post"}],"author":[{"embeddable":true,"href":"https:\/\/entretormentas.com\/index.php?rest_route=\/wp\/v2\/users\/2"}],"replies":[{"embeddable":true,"href":"https:\/\/entretormentas.com\/index.php?rest_route=%2Fwp%2Fv2%2Fcomments&post=21475"}],"version-history":[{"count":1,"href":"https:\/\/entretormentas.com\/index.php?rest_route=\/wp\/v2\/posts\/21475\/revisions"}],"predecessor-version":[{"id":21478,"href":"https:\/\/entretormentas.com\/index.php?rest_route=\/wp\/v2\/posts\/21475\/revisions\/21478"}],"wp:featuredmedia":[{"embeddable":true,"href":"https:\/\/entretormentas.com\/index.php?rest_route=\/wp\/v2\/media\/21477"}],"wp:attachment":[{"href":"https:\/\/entretormentas.com\/index.php?rest_route=%2Fwp%2Fv2%2Fmedia&parent=21475"}],"wp:term":[{"taxonomy":"category","embeddable":true,"href":"https:\/\/entretormentas.com\/index.php?rest_route=%2Fwp%2Fv2%2Fcategories&post=21475"},{"taxonomy":"post_tag","embeddable":true,"href":"https:\/\/entretormentas.com\/index.php?rest_route=%2Fwp%2Fv2%2Ftags&post=21475"}],"curies":[{"name":"wp","href":"https:\/\/api.w.org\/{rel}","templated":true}]}}