{"id":21479,"date":"2025-09-06T20:56:08","date_gmt":"2025-09-07T00:56:08","guid":{"rendered":"https:\/\/entretormentas.com\/?p=21479"},"modified":"2025-09-06T20:56:08","modified_gmt":"2025-09-07T00:56:08","slug":"en-su-50-aniversario-gobernador-anuncia-rehabilitacion-del-area-academica-de-ninos-cantores-del-zulia","status":"publish","type":"post","link":"https:\/\/entretormentas.com\/en-su-50-aniversario-gobernador-anuncia-rehabilitacion-del-area-academica-de-ninos-cantores-del-zulia\/","title":{"rendered":"\u00a1EN SU 50 ANIVERSARIO! Gobernador anuncia rehabilitaci\u00f3n del \u00e1rea acad\u00e9mica de Ni\u00f1os Cantores del Zulia"},"content":{"rendered":"\n<p><strong>ENTRE TORMENTAS. <\/strong>La rehabilitaci\u00f3n de espacios del edificio acad\u00e9mico del Instituto Ni\u00f1os Cantores del Zulia anunci\u00f3 el gobernador del estado, Luis Caldera, durante un recorrido por las instalaciones de esta instituci\u00f3n insigne del pueblo zuliano, que se prepara para celebrar sus 50 a\u00f1os el pr\u00f3ximo 18 de noviembre.<\/p>\n\n\n\n<figure class=\"wp-block-image size-large\"><img fetchpriority=\"high\" decoding=\"async\" width=\"1024\" height=\"819\" src=\"https:\/\/entretormentas.com\/wp-content\/uploads\/2025\/09\/incz2-1024x819.jpeg\" alt=\"\" class=\"wp-image-21480\" srcset=\"https:\/\/entretormentas.com\/wp-content\/uploads\/2025\/09\/incz2-1024x819.jpeg 1024w, https:\/\/entretormentas.com\/wp-content\/uploads\/2025\/09\/incz2-300x240.jpeg 300w, https:\/\/entretormentas.com\/wp-content\/uploads\/2025\/09\/incz2-768x614.jpeg 768w, https:\/\/entretormentas.com\/wp-content\/uploads\/2025\/09\/incz2.jpeg 1280w\" sizes=\"(max-width: 1024px) 100vw, 1024px\" \/><\/figure>\n\n\n\n<p>El gobernador Caldera inform\u00f3 que para la celebraci\u00f3n del medio siglo de esta instituci\u00f3n, se recuperar\u00e1n 18 salones de clases que permitir\u00e1n ampliar la cobertura y recibir m\u00e1s ni\u00f1os y ni\u00f1as, para continuar con la obra de Monse\u00f1or Gustavo Ocando Yamarte.<\/p>\n\n\n\n<p>En compa\u00f1\u00eda del director de esta instituci\u00f3n, el presb\u00edtero Richard Colmenares, y de los secretarios regionales de Educaci\u00f3n Superior, Enrique Parra; Cultura, Giovanny Villalobos y Deportes, Fidel Madro\u00f1ero, recorri\u00f3 parte de las instalaciones que fueron recuperadas en 2024 por el Gobierno Nacional del presidente Nicol\u00e1s Maduro, a trav\u00e9s de la Gran Misi\u00f3n Venezuela Bella.<\/p>\n\n\n\n<figure class=\"wp-block-image size-large\"><img decoding=\"async\" width=\"1024\" height=\"683\" src=\"https:\/\/entretormentas.com\/wp-content\/uploads\/2025\/09\/incz3-1024x683.jpeg\" alt=\"\" class=\"wp-image-21481\" srcset=\"https:\/\/entretormentas.com\/wp-content\/uploads\/2025\/09\/incz3-1024x683.jpeg 1024w, https:\/\/entretormentas.com\/wp-content\/uploads\/2025\/09\/incz3-300x200.jpeg 300w, https:\/\/entretormentas.com\/wp-content\/uploads\/2025\/09\/incz3-768x512.jpeg 768w, https:\/\/entretormentas.com\/wp-content\/uploads\/2025\/09\/incz3.jpeg 1280w\" sizes=\"(max-width: 1024px) 100vw, 1024px\" \/><\/figure>\n\n\n\n<p>\u201cEl presidente Nicol\u00e1s Maduro le regal\u00f3 el a\u00f1o pasado a este instituto la recuperaci\u00f3n del teatro, de espacios y, ahora, para el pr\u00f3ximo 18 de noviembre la Gobernaci\u00f3n del Zulia, junto a nuestro hermano presidente y a la Vicepresidencia Sectorial de Obras y Servicios P\u00fablicos vamos a culminar 18 salones\u201d, enfatiz\u00f3 el gobernador.<\/p>\n\n\n\n<p>El padre Colmenares, resalt\u00f3 que este regalo para el plantel en sus 50 a\u00f1os muestra el compromiso del presidente Maduro y del gobernador Caldera, con una instituci\u00f3n que ha trabajado por los ni\u00f1os del oeste de la ciudad.<\/p>\n\n\n\n<figure class=\"wp-block-image size-large\"><img decoding=\"async\" width=\"1024\" height=\"683\" src=\"https:\/\/entretormentas.com\/wp-content\/uploads\/2025\/09\/incz4-1024x683.jpeg\" alt=\"\" class=\"wp-image-21482\" srcset=\"https:\/\/entretormentas.com\/wp-content\/uploads\/2025\/09\/incz4-1024x683.jpeg 1024w, https:\/\/entretormentas.com\/wp-content\/uploads\/2025\/09\/incz4-300x200.jpeg 300w, https:\/\/entretormentas.com\/wp-content\/uploads\/2025\/09\/incz4-768x512.jpeg 768w, https:\/\/entretormentas.com\/wp-content\/uploads\/2025\/09\/incz4.jpeg 1280w\" sizes=\"(max-width: 1024px) 100vw, 1024px\" \/><\/figure>\n\n\n\n<p>\u201cDesde aqu\u00ed comienza el oeste de la ciudad y con alegr\u00eda profunda trabajamos en la educaci\u00f3n zuliana y venezolana, con el deseo profundo de darle lo mejor a nuestros ni\u00f1os\u201d, expres\u00f3 el padre Colmenares.<br><strong><em>ET \/ Nota de Prensa<\/em><\/strong><\/p>\n\n\n\n<p><\/p>\n","protected":false},"excerpt":{"rendered":"<p>ENTRE TORMENTAS. La rehabilitaci\u00f3n de espacios del edificio acad\u00e9mico del Instituto Ni\u00f1os Cantores del Zulia&#8230;<\/p>\n","protected":false},"author":2,"featured_media":21483,"comment_status":"closed","ping_status":"open","sticky":false,"template":"","format":"standard","meta":{"footnotes":""},"categories":[57,1],"tags":[],"class_list":["post-21479","post","type-post","status-publish","format-standard","has-post-thumbnail","hentry","category-actualidad","category-regionales"],"_links":{"self":[{"href":"https:\/\/entretormentas.com\/index.php?rest_route=\/wp\/v2\/posts\/21479","targetHints":{"allow":["GET"]}}],"collection":[{"href":"https:\/\/entretormentas.com\/index.php?rest_route=\/wp\/v2\/posts"}],"about":[{"href":"https:\/\/entretormentas.com\/index.php?rest_route=\/wp\/v2\/types\/post"}],"author":[{"embeddable":true,"href":"https:\/\/entretormentas.com\/index.php?rest_route=\/wp\/v2\/users\/2"}],"replies":[{"embeddable":true,"href":"https:\/\/entretormentas.com\/index.php?rest_route=%2Fwp%2Fv2%2Fcomments&post=21479"}],"version-history":[{"count":1,"href":"https:\/\/entretormentas.com\/index.php?rest_route=\/wp\/v2\/posts\/21479\/revisions"}],"predecessor-version":[{"id":21484,"href":"https:\/\/entretormentas.com\/index.php?rest_route=\/wp\/v2\/posts\/21479\/revisions\/21484"}],"wp:featuredmedia":[{"embeddable":true,"href":"https:\/\/entretormentas.com\/index.php?rest_route=\/wp\/v2\/media\/21483"}],"wp:attachment":[{"href":"https:\/\/entretormentas.com\/index.php?rest_route=%2Fwp%2Fv2%2Fmedia&parent=21479"}],"wp:term":[{"taxonomy":"category","embeddable":true,"href":"https:\/\/entretormentas.com\/index.php?rest_route=%2Fwp%2Fv2%2Fcategories&post=21479"},{"taxonomy":"post_tag","embeddable":true,"href":"https:\/\/entretormentas.com\/index.php?rest_route=%2Fwp%2Fv2%2Ftags&post=21479"}],"curies":[{"name":"wp","href":"https:\/\/api.w.org\/{rel}","templated":true}]}}