{"id":21485,"date":"2025-09-06T21:00:19","date_gmt":"2025-09-07T01:00:19","guid":{"rendered":"https:\/\/entretormentas.com\/?p=21485"},"modified":"2025-09-06T21:00:20","modified_gmt":"2025-09-07T01:00:20","slug":"con-trabajos-de-limpieza-y-recuperacion-vial-plan-cayapa-avanza-en-la-transformacion-de-san-francisco","status":"publish","type":"post","link":"https:\/\/entretormentas.com\/con-trabajos-de-limpieza-y-recuperacion-vial-plan-cayapa-avanza-en-la-transformacion-de-san-francisco\/","title":{"rendered":"\u00a1CON TRABAJOS DE LIMPIEZA Y RECUPERACI\u00d3N VIAL! Plan Cayapa avanza en la transformaci\u00f3n de San Francisco"},"content":{"rendered":"\n<p><strong>ENTRE TORMENTAS.<\/strong> La Alcald\u00eda de San Francisco, liderada por el Alcalde H\u00e9ctor Soto, mantiene su firme compromiso con la recuperaci\u00f3n, embellecimiento y saneamiento de la ciudad mediante los trabajos simult\u00e1neos que se ejecutan en el marco del Plan Cayapa Integral para los Servicios P\u00fablicos. Esta iniciativa, que ha logrado significativos avances en distintas \u00e1reas, forma parte de las Siete Transformaciones (7T) impulsadas por el presidente Nicol\u00e1s Maduro Moros.<\/p>\n\n\n\n<p>El plan ha intensificado las labores de recolecci\u00f3n de desechos s\u00f3lidos en las siete parroquias del municipio, a trav\u00e9s del trabajo del Instituto Municipal de Ambiente y Aseo Urbano (Imasur), garantizando espacios m\u00e1s limpios y saludables para la comunidad.<\/p>\n\n\n\n<figure class=\"wp-block-image size-large\"><img fetchpriority=\"high\" decoding=\"async\" width=\"1024\" height=\"768\" src=\"https:\/\/entretormentas.com\/wp-content\/uploads\/2025\/09\/surcaya2-1024x768.jpeg\" alt=\"\" class=\"wp-image-21486\" srcset=\"https:\/\/entretormentas.com\/wp-content\/uploads\/2025\/09\/surcaya2-1024x768.jpeg 1024w, https:\/\/entretormentas.com\/wp-content\/uploads\/2025\/09\/surcaya2-300x225.jpeg 300w, https:\/\/entretormentas.com\/wp-content\/uploads\/2025\/09\/surcaya2-768x576.jpeg 768w, https:\/\/entretormentas.com\/wp-content\/uploads\/2025\/09\/surcaya2.jpeg 1040w\" sizes=\"(max-width: 1024px) 100vw, 1024px\" \/><\/figure>\n\n\n\n<p>Las mejoras en la infraestructura urbana tambi\u00e9n constituyen un eje estrat\u00e9gico de este megaproyecto, con la rehabilitaci\u00f3n de zonas clave como la Avenida 5, el Kil\u00f3metro 4, la Circunvalaci\u00f3n 1, el corredor vial La Ca\u00f1ada de Urdaneta, El Bajo y la Urbanizaci\u00f3n San Francisco. Estas intervenciones incluyen la pintura de brocales, la demarcaci\u00f3n vial, la colocaci\u00f3n de tachas reflectivas y la instalaci\u00f3n de nueva iluminaci\u00f3n. A ello se suman los recientes trabajos de pintura de brocales y postes de se\u00f1alizaci\u00f3n en los sem\u00e1foros de la Avenida 48 (V\u00eda a La Ca\u00f1ada), lo que contribuye a un tr\u00e1nsito m\u00e1s seguro y ordenado.<\/p>\n\n\n\n<p>Iris Chac\u00f3n, habitante del sector, agradeci\u00f3 el compromiso de la primera autoridad municipal con la recuperaci\u00f3n vial y el saneamiento que se ejecuta en las parroquias. \u201c\u00a1Que viva H\u00e9ctor Soto, que viva Ch\u00e1vez y que viva Maduro! Estas labores nos devuelven la alegr\u00eda y la confianza en que s\u00ed es posible transformar San Francisco, por eso lo celebramos con cantos, bailes y el entusiasmo que caracteriza a nuestra gente\u201d, expres\u00f3.<\/p>\n\n\n\n<figure class=\"wp-block-image size-large\"><img decoding=\"async\" width=\"818\" height=\"1024\" src=\"https:\/\/entretormentas.com\/wp-content\/uploads\/2025\/09\/surcaya3-818x1024.jpeg\" alt=\"\" class=\"wp-image-21487\" srcset=\"https:\/\/entretormentas.com\/wp-content\/uploads\/2025\/09\/surcaya3-818x1024.jpeg 818w, https:\/\/entretormentas.com\/wp-content\/uploads\/2025\/09\/surcaya3-240x300.jpeg 240w, https:\/\/entretormentas.com\/wp-content\/uploads\/2025\/09\/surcaya3-768x962.jpeg 768w, https:\/\/entretormentas.com\/wp-content\/uploads\/2025\/09\/surcaya3.jpeg 1022w\" sizes=\"(max-width: 818px) 100vw, 818px\" \/><\/figure>\n\n\n\n<p>El despliegue refleja el compromiso del Alcalde Soto con el desarrollo integral de San Francisco, fortaleciendo las pol\u00edticas de salubridad y seguridad para los habitantes y visitantes. Desde el ayuntamiento se hace un llamado a la comunidad a cuidar los espacios recuperados, que son el resultado del esfuerzo conjunto y la inversi\u00f3n municipal.<br><strong><em>ET \/ Nota de Prensa<\/em><\/strong><\/p>\n\n\n\n<p><\/p>\n","protected":false},"excerpt":{"rendered":"<p>ENTRE TORMENTAS. La Alcald\u00eda de San Francisco, liderada por el Alcalde H\u00e9ctor Soto, mantiene su&#8230;<\/p>\n","protected":false},"author":2,"featured_media":21488,"comment_status":"closed","ping_status":"open","sticky":false,"template":"","format":"standard","meta":{"footnotes":""},"categories":[57,1],"tags":[],"class_list":["post-21485","post","type-post","status-publish","format-standard","has-post-thumbnail","hentry","category-actualidad","category-regionales"],"_links":{"self":[{"href":"https:\/\/entretormentas.com\/index.php?rest_route=\/wp\/v2\/posts\/21485","targetHints":{"allow":["GET"]}}],"collection":[{"href":"https:\/\/entretormentas.com\/index.php?rest_route=\/wp\/v2\/posts"}],"about":[{"href":"https:\/\/entretormentas.com\/index.php?rest_route=\/wp\/v2\/types\/post"}],"author":[{"embeddable":true,"href":"https:\/\/entretormentas.com\/index.php?rest_route=\/wp\/v2\/users\/2"}],"replies":[{"embeddable":true,"href":"https:\/\/entretormentas.com\/index.php?rest_route=%2Fwp%2Fv2%2Fcomments&post=21485"}],"version-history":[{"count":1,"href":"https:\/\/entretormentas.com\/index.php?rest_route=\/wp\/v2\/posts\/21485\/revisions"}],"predecessor-version":[{"id":21489,"href":"https:\/\/entretormentas.com\/index.php?rest_route=\/wp\/v2\/posts\/21485\/revisions\/21489"}],"wp:featuredmedia":[{"embeddable":true,"href":"https:\/\/entretormentas.com\/index.php?rest_route=\/wp\/v2\/media\/21488"}],"wp:attachment":[{"href":"https:\/\/entretormentas.com\/index.php?rest_route=%2Fwp%2Fv2%2Fmedia&parent=21485"}],"wp:term":[{"taxonomy":"category","embeddable":true,"href":"https:\/\/entretormentas.com\/index.php?rest_route=%2Fwp%2Fv2%2Fcategories&post=21485"},{"taxonomy":"post_tag","embeddable":true,"href":"https:\/\/entretormentas.com\/index.php?rest_route=%2Fwp%2Fv2%2Ftags&post=21485"}],"curies":[{"name":"wp","href":"https:\/\/api.w.org\/{rel}","templated":true}]}}