{"id":21490,"date":"2025-09-06T21:07:13","date_gmt":"2025-09-07T01:07:13","guid":{"rendered":"https:\/\/entretormentas.com\/?p=21490"},"modified":"2025-09-06T21:07:13","modified_gmt":"2025-09-07T01:07:13","slug":"en-cristo-de-aranza-alcaldia-de-maracaibo-beneficia-a-mas-de-mil-familias-con-megajornada-integral","status":"publish","type":"post","link":"https:\/\/entretormentas.com\/en-cristo-de-aranza-alcaldia-de-maracaibo-beneficia-a-mas-de-mil-familias-con-megajornada-integral\/","title":{"rendered":"\u00a1EN CRISTO DE ARANZA! Alcald\u00eda de Maracaibo beneficia a m\u00e1s de mil familias con megajornada integral"},"content":{"rendered":"\n<p><strong>ENTRE TORMENTAS. <\/strong>Con m\u00e1s de cinco toneladas de alimentos se beneficiaron mil familias del sector Corito en la parroquia Cristo de Aranza, gracias a la megajornada integral organizada por la Alcald\u00eda de Maracaibo en la plaza Salvador Allende como parte de su pol\u00edtica alimentaria de la mano del poder popular.<\/p>\n\n\n\n<p>El presidente de la Fundaci\u00f3n de Mercados Populares de la alcald\u00eda, (FUNDEPO), Gelson Carrillo, inform\u00f3 que siguen cumpliendo con el pueblo y gracias a las pol\u00edticas del presidente Nicol\u00e1s Maduro, el gobernador Luis Caldera y del alcalde Giancarlo Di Martino llevaron esta jornada a la parroquia con precios justos que incluye prote\u00ednas, combos de v\u00edveres, pollo, huevos, vegetales, pl\u00e1tanos, topochos, atenci\u00f3n m\u00e9dica para adultos y ni\u00f1os, servicio a mascotas, entre otras cosas m\u00e1s.<\/p>\n\n\n\n<figure class=\"wp-block-image size-full\"><img fetchpriority=\"high\" decoding=\"async\" width=\"1024\" height=\"683\" src=\"https:\/\/entretormentas.com\/wp-content\/uploads\/2025\/09\/megadima2.jpeg\" alt=\"\" class=\"wp-image-21491\" srcset=\"https:\/\/entretormentas.com\/wp-content\/uploads\/2025\/09\/megadima2.jpeg 1024w, https:\/\/entretormentas.com\/wp-content\/uploads\/2025\/09\/megadima2-300x200.jpeg 300w, https:\/\/entretormentas.com\/wp-content\/uploads\/2025\/09\/megadima2-768x512.jpeg 768w\" sizes=\"(max-width: 1024px) 100vw, 1024px\" \/><\/figure>\n\n\n\n<p>\u201cEs importante destacar-dijo-que se sumaron aliados y emprendedores de la zona del circuito comunal que atendieron el llamado con productos como queso, leche, jugos, mortadela, ricota, crema de leche y otra variedad de art\u00edculos que ellos ofrecen a precios sumamente solidarios. Igualmente tenemos otros servicios ac\u00e1 como la asesor\u00eda en el Registro Civil\u201d, destac\u00f3 Carrillo.<\/p>\n\n\n\n<p>La jornada cont\u00f3 con atenci\u00f3n a las mascotas, peluquer\u00eda y barber\u00eda para ni\u00f1os y adultos; adem\u00e1s con la feria escolar con \u00fatiles, uniformes, zapatos, y todo lo necesario para el regreso a clases de los ni\u00f1os y ni\u00f1as.<\/p>\n\n\n\n<p>Carrillo invit\u00f3 a todos los emprendedores a que se sumen a estas jornadas impulsadas por el alcalde Giancarlo Di Martino, ya que se van a ir potenciando cada d\u00eda m\u00e1s hasta lograr realizar varias jornadas de manera simult\u00e1nea en varias parroquias. \u201cHoy estamos saliendo con una jornada semanal, y aspiramos a que cada d\u00eda sean m\u00e1s productores y m\u00e1s productos con calidad y buen precio que sumemos a la lista de cada jornada\u201d, apunt\u00f3.<\/p>\n\n\n\n<p>En este esfuerzo log\u00edstico para organizar la mega jornada participaron en sinerg\u00eda los funcionarios de Polimaracaibo, Bomberos, Protecci\u00f3n Civil, Cl\u00ednicas M\u00f3viles, Cl\u00ednicas Odontol\u00f3gicas, Registro Civil, Salud Maracaibo, Giras, Protocolo, Eventos, Direcci\u00f3n de Comercio Nacional y Exterior, FUNDEPO, y todo el equipo de la alcald\u00eda de Maracaibo para alcanzar el buen desarrollo de la jornada.<\/p>\n\n\n\n<figure class=\"wp-block-image size-full\"><img decoding=\"async\" width=\"1024\" height=\"683\" src=\"https:\/\/entretormentas.com\/wp-content\/uploads\/2025\/09\/megadima3.jpeg\" alt=\"\" class=\"wp-image-21492\" srcset=\"https:\/\/entretormentas.com\/wp-content\/uploads\/2025\/09\/megadima3.jpeg 1024w, https:\/\/entretormentas.com\/wp-content\/uploads\/2025\/09\/megadima3-300x200.jpeg 300w, https:\/\/entretormentas.com\/wp-content\/uploads\/2025\/09\/megadima3-768x512.jpeg 768w\" sizes=\"(max-width: 1024px) 100vw, 1024px\" \/><\/figure>\n\n\n\n<p><strong>RESPETO AL PRECIO DEL D\u00d3LAR BCV<\/strong><br>Por su parte, el director del despacho, Gianluigi Di Martino, fue enf\u00e1tico al recalcar que los precios que manejan son manejados a tasa BCV, y puntualiz\u00f3 \u201cque nadie vaya a estar cobrando por ah\u00ed en paralelo, que nadie vaya a estar haciendo cosas que no tienen que hacer, nosotros vamos a seguir atendiendo al pueblo y vamos a seguir transformando Maracaibo y vamos a seguir trabajando para que el pueblo se sienta atendido, se sienta respaldado por su alcalde y por su equipo de gobierno\u201d.<\/p>\n\n\n\n<p>Destac\u00f3 que contin\u00faan \u201catendiendo al pueblo, al Poder Popular organizado, aqu\u00ed con el equipo de gobierno, los concejales, los diputados, todos unidos; hoy tenemos jornada de salud, de alimentaci\u00f3n a precio justo. Hemos atendido a m\u00e1s de mil personas el d\u00eda de hoy y me estaba diciendo una persona que estaba en la jornada que nunca hab\u00eda visto un kilo de pollo tan barato, vengan a comprar. Esto es gracias a la pol\u00edtica de gesti\u00f3n de Giancarlo Di Martino que vamos a seguir impulsando y gracias al presidente Nicol\u00e1s Maduro tambi\u00e9n de la mano del gobernador Luis Caldera\u201d.<\/p>\n\n\n\n<p>Resalt\u00f3 Di Martino que van a seguir trabajando por el pueblo \u201cy en este periodo venimos con todo, venimos a transformar a Maracaibo, a transformar el Zulia y a trabajar con los cuatro niveles de gobierno unidos, presidente Nicol\u00e1s Maduro, gobernador Luis Caldera, alcalde Giancarlo Di Martino y el Poder Popular organizado, vamos a trabajar en conjunto para que estos mercados a precio justo, a precio solidario, se sigan desarrollando en las parroquias una vez por semana por los momentos\u201d.<\/p>\n\n\n\n<p>Gianluigi Di Martino resalt\u00f3 la gran afluencia de personas que se acercaron a recibir atenci\u00f3n m\u00e9dica gratuita y de odontolog\u00eda, tambi\u00e9n se expidieron ex\u00e1menes cardiovasculares para los peque\u00f1os que van al colegio.<\/p>\n\n\n\n<figure class=\"wp-block-image size-full\"><img decoding=\"async\" width=\"1024\" height=\"683\" src=\"https:\/\/entretormentas.com\/wp-content\/uploads\/2025\/09\/megadima4.jpeg\" alt=\"\" class=\"wp-image-21493\" srcset=\"https:\/\/entretormentas.com\/wp-content\/uploads\/2025\/09\/megadima4.jpeg 1024w, https:\/\/entretormentas.com\/wp-content\/uploads\/2025\/09\/megadima4-300x200.jpeg 300w, https:\/\/entretormentas.com\/wp-content\/uploads\/2025\/09\/megadima4-768x512.jpeg 768w\" sizes=\"(max-width: 1024px) 100vw, 1024px\" \/><\/figure>\n\n\n\n<p><strong>M\u00c1S DE 200 MASCOTAS ATENDIDAS<\/strong><br>La presidenta del Instituto de Protecci\u00f3n Animal Municipal, Nohelia Parra, manifest\u00f3 su satisfacci\u00f3n por la masiva asistencia de personas con sus mascotas. \u201cLe damos gracias al alcalde Giancarlo Di Martino por estas jornadas que se realizan todos los s\u00e1bados en las distintas parroquias\u201d.<\/p>\n\n\n\n<p>Inform\u00f3 que el equipo m\u00e9dico que la acompa\u00f1a en la jornada realiz\u00f3 consulta, desparasitaciones, vacunas antirr\u00e1bicas, corte de u\u00f1as y limpieza de o\u00eddos. Es un gran beneficio para esas mascotas que son parte de nuestras familias\u201d.<\/p>\n\n\n\n<p>Marbelis Villasmil, beneficiaria de la jornada para las mascotas, dijo que es bastante oportuna para controlar enfermedades de los animalitos, y que entre las consultas y las vacunas es un gran beneficio porque son gratis.<\/p>\n\n\n\n<p>Mario Mar\u00edn, trajo a su perrita Lucy y dijo que le parec\u00eda s\u00faper bien, factible porque es una facilidad para las personas que no tienen los recursos para pagar.<br><strong><em>ET \/ Nota de Prensa<\/em><\/strong><\/p>\n","protected":false},"excerpt":{"rendered":"<p>ENTRE TORMENTAS. Con m\u00e1s de cinco toneladas de alimentos se beneficiaron mil familias del sector&#8230;<\/p>\n","protected":false},"author":2,"featured_media":21494,"comment_status":"closed","ping_status":"open","sticky":false,"template":"","format":"standard","meta":{"footnotes":""},"categories":[57,1],"tags":[],"class_list":["post-21490","post","type-post","status-publish","format-standard","has-post-thumbnail","hentry","category-actualidad","category-regionales"],"_links":{"self":[{"href":"https:\/\/entretormentas.com\/index.php?rest_route=\/wp\/v2\/posts\/21490","targetHints":{"allow":["GET"]}}],"collection":[{"href":"https:\/\/entretormentas.com\/index.php?rest_route=\/wp\/v2\/posts"}],"about":[{"href":"https:\/\/entretormentas.com\/index.php?rest_route=\/wp\/v2\/types\/post"}],"author":[{"embeddable":true,"href":"https:\/\/entretormentas.com\/index.php?rest_route=\/wp\/v2\/users\/2"}],"replies":[{"embeddable":true,"href":"https:\/\/entretormentas.com\/index.php?rest_route=%2Fwp%2Fv2%2Fcomments&post=21490"}],"version-history":[{"count":1,"href":"https:\/\/entretormentas.com\/index.php?rest_route=\/wp\/v2\/posts\/21490\/revisions"}],"predecessor-version":[{"id":21495,"href":"https:\/\/entretormentas.com\/index.php?rest_route=\/wp\/v2\/posts\/21490\/revisions\/21495"}],"wp:featuredmedia":[{"embeddable":true,"href":"https:\/\/entretormentas.com\/index.php?rest_route=\/wp\/v2\/media\/21494"}],"wp:attachment":[{"href":"https:\/\/entretormentas.com\/index.php?rest_route=%2Fwp%2Fv2%2Fmedia&parent=21490"}],"wp:term":[{"taxonomy":"category","embeddable":true,"href":"https:\/\/entretormentas.com\/index.php?rest_route=%2Fwp%2Fv2%2Fcategories&post=21490"},{"taxonomy":"post_tag","embeddable":true,"href":"https:\/\/entretormentas.com\/index.php?rest_route=%2Fwp%2Fv2%2Ftags&post=21490"}],"curies":[{"name":"wp","href":"https:\/\/api.w.org\/{rel}","templated":true}]}}