{"id":21496,"date":"2025-09-06T21:12:44","date_gmt":"2025-09-07T01:12:44","guid":{"rendered":"https:\/\/entretormentas.com\/?p=21496"},"modified":"2025-09-06T21:12:45","modified_gmt":"2025-09-07T01:12:45","slug":"con-importantes-descuentos-gobernacion-despliega-feria-escolar-zulia-2025-regreso-a-clases","status":"publish","type":"post","link":"https:\/\/entretormentas.com\/con-importantes-descuentos-gobernacion-despliega-feria-escolar-zulia-2025-regreso-a-clases\/","title":{"rendered":"\u00a1CON IMPORTANTES DESCUENTOS! Gobernaci\u00f3n despliega Feria Escolar Zulia 2025 \u201cRegreso a clases\u201d"},"content":{"rendered":"\n<p><strong>ENTRE TORMENTAS.<\/strong> La cancha Hidalgo Herrera de la parroquia Francisco Eugenio Bustamante, fue el punto de inicio del despliegue de las jornadas de la Feria Escolar Zulia 2025 \u201cRegreso a clases\u201d, organizado por la Gobernaci\u00f3n Bolivariana y que se estar\u00e1n realizando en las distintas parroquias de la capital zuliana, as\u00ed como en los municipios de la regi\u00f3n.<\/p>\n\n\n\n<p>Desde las 8:30 de la ma\u00f1ana de este s\u00e1bado 6 de septiembre comenz\u00f3 la atenci\u00f3n a los habitantes de la zona, quienes encontraron precios muy por debajo del mercado privado en \u00fatiles, textos, morrales, loncheras y uniformes escolares, que garantizan que los estudiantes desde educaci\u00f3n inicial hasta la secundaria inicien su a\u00f1o escolar 2025-2026 con su kit escolar completo.<\/p>\n\n\n\n<figure class=\"wp-block-image size-large\"><img fetchpriority=\"high\" decoding=\"async\" width=\"1024\" height=\"768\" src=\"https:\/\/entretormentas.com\/wp-content\/uploads\/2025\/09\/escozulia2-1024x768.jpeg\" alt=\"\" class=\"wp-image-21497\" srcset=\"https:\/\/entretormentas.com\/wp-content\/uploads\/2025\/09\/escozulia2-1024x768.jpeg 1024w, https:\/\/entretormentas.com\/wp-content\/uploads\/2025\/09\/escozulia2-300x225.jpeg 300w, https:\/\/entretormentas.com\/wp-content\/uploads\/2025\/09\/escozulia2-768x576.jpeg 768w, https:\/\/entretormentas.com\/wp-content\/uploads\/2025\/09\/escozulia2.jpeg 1280w\" sizes=\"(max-width: 1024px) 100vw, 1024px\" \/><\/figure>\n\n\n\n<p>La primera Dama del Zulia, Roselyn L\u00f3pez de Caldera, acompa\u00f1ada de la secretaria de Gobierno, \u00c1ngela Fern\u00e1ndez; la secretaria de Educaci\u00f3n, Yamily Su\u00e1rez y el poder comunal, destac\u00f3 que la actividad es gracias al apoyo del presidente Nicol\u00e1s Maduro, del gobernador del Zulia Luis Caldera y de convenios con la empresa privada comprometida con el bienestar del pueblo, en este caso con quienes encarnan el futuro del pa\u00eds.<\/p>\n\n\n\n<p>\u201cCon esta jornada estaremos visitando cada uno de los territorios del estado Zulia, beneficiando a nuestro ni\u00f1os, ni\u00f1as y adolescentes con \u00fatiles escolares a precios solidarios\u201d, afirm\u00f3 L\u00f3pez de Caldera.<\/p>\n\n\n\n<figure class=\"wp-block-image size-large\"><img decoding=\"async\" width=\"1024\" height=\"768\" src=\"https:\/\/entretormentas.com\/wp-content\/uploads\/2025\/09\/escozulia3-1024x768.jpeg\" alt=\"\" class=\"wp-image-21498\" srcset=\"https:\/\/entretormentas.com\/wp-content\/uploads\/2025\/09\/escozulia3-1024x768.jpeg 1024w, https:\/\/entretormentas.com\/wp-content\/uploads\/2025\/09\/escozulia3-300x225.jpeg 300w, https:\/\/entretormentas.com\/wp-content\/uploads\/2025\/09\/escozulia3-768x576.jpeg 768w, https:\/\/entretormentas.com\/wp-content\/uploads\/2025\/09\/escozulia3.jpeg 1280w\" sizes=\"(max-width: 1024px) 100vw, 1024px\" \/><\/figure>\n\n\n\n<p>Dio a conocer que las pr\u00f3ximas jornadas ser\u00e1n este lunes 8 de septiembre en la cancha El Mam\u00f3n, de la parroquia Idelfonso V\u00e1zquez; el martes 9 en la cancha Mi Esperanza de Venancio Pulgar y mi\u00e9rcoles 10, en la cancha Juan Bautista de la parroquia Luis Hurtado Higuera, para luego seguir extendi\u00e9ndose a otras parroquias y municipios.<\/p>\n\n\n\n<p>La titular de Educaci\u00f3n Regional, Morales, a\u00f1adi\u00f3 qua a la par de la venta de \u00fatiles y textos, se sum\u00f3 una jornada integral de salud, bajo la coordinaci\u00f3n de la Secretar\u00eda de Salud de la Gobernaci\u00f3n, donde se ofreci\u00f3 evaluaci\u00f3n cardiovascular, vacunaci\u00f3n, desparasitaci\u00f3n y atenci\u00f3n odontol\u00f3gica.<\/p>\n\n\n\n<figure class=\"wp-block-image size-large\"><img decoding=\"async\" width=\"1024\" height=\"768\" src=\"https:\/\/entretormentas.com\/wp-content\/uploads\/2025\/09\/escozulia4-1024x768.jpeg\" alt=\"\" class=\"wp-image-21499\" srcset=\"https:\/\/entretormentas.com\/wp-content\/uploads\/2025\/09\/escozulia4-1024x768.jpeg 1024w, https:\/\/entretormentas.com\/wp-content\/uploads\/2025\/09\/escozulia4-300x225.jpeg 300w, https:\/\/entretormentas.com\/wp-content\/uploads\/2025\/09\/escozulia4-768x576.jpeg 768w, https:\/\/entretormentas.com\/wp-content\/uploads\/2025\/09\/escozulia4.jpeg 1280w\" sizes=\"(max-width: 1024px) 100vw, 1024px\" \/><\/figure>\n\n\n\n<p>La vocera del Circuito Comunal, Maigualida Pi\u00f1a, al igual que Lenin Soto, tambi\u00e9n vocero comunal, expres\u00f3 que este beneficio alivia el bolsillo del pueblo en esta temporada. \u201cLos precios son solidarios y adem\u00e1s dan atenci\u00f3n en el \u00e1rea de salud, en odontolog\u00eda, nutrici\u00f3n, la realizaci\u00f3n del cardiovascular y entrega de medicinas\u201d, expuso Soto.<\/p>\n\n\n\n<p>Tras la apertura de la feria, la primera Dama L\u00f3pez de Caldera recorri\u00f3 junto los representantes del Poder Popular el Preescolar Gladys de Cardozo, el m\u00f3dulo de servicio Bicentenario y el m\u00f3dulo de Barrio Adentro.<br><strong><em>ET \/ Nota de Prensa<\/em><\/strong><\/p>\n\n\n\n<p><\/p>\n","protected":false},"excerpt":{"rendered":"<p>ENTRE TORMENTAS. La cancha Hidalgo Herrera de la parroquia Francisco Eugenio Bustamante, fue el punto&#8230;<\/p>\n","protected":false},"author":2,"featured_media":21500,"comment_status":"closed","ping_status":"open","sticky":false,"template":"","format":"standard","meta":{"footnotes":""},"categories":[57,1],"tags":[],"class_list":["post-21496","post","type-post","status-publish","format-standard","has-post-thumbnail","hentry","category-actualidad","category-regionales"],"_links":{"self":[{"href":"https:\/\/entretormentas.com\/index.php?rest_route=\/wp\/v2\/posts\/21496","targetHints":{"allow":["GET"]}}],"collection":[{"href":"https:\/\/entretormentas.com\/index.php?rest_route=\/wp\/v2\/posts"}],"about":[{"href":"https:\/\/entretormentas.com\/index.php?rest_route=\/wp\/v2\/types\/post"}],"author":[{"embeddable":true,"href":"https:\/\/entretormentas.com\/index.php?rest_route=\/wp\/v2\/users\/2"}],"replies":[{"embeddable":true,"href":"https:\/\/entretormentas.com\/index.php?rest_route=%2Fwp%2Fv2%2Fcomments&post=21496"}],"version-history":[{"count":1,"href":"https:\/\/entretormentas.com\/index.php?rest_route=\/wp\/v2\/posts\/21496\/revisions"}],"predecessor-version":[{"id":21501,"href":"https:\/\/entretormentas.com\/index.php?rest_route=\/wp\/v2\/posts\/21496\/revisions\/21501"}],"wp:featuredmedia":[{"embeddable":true,"href":"https:\/\/entretormentas.com\/index.php?rest_route=\/wp\/v2\/media\/21500"}],"wp:attachment":[{"href":"https:\/\/entretormentas.com\/index.php?rest_route=%2Fwp%2Fv2%2Fmedia&parent=21496"}],"wp:term":[{"taxonomy":"category","embeddable":true,"href":"https:\/\/entretormentas.com\/index.php?rest_route=%2Fwp%2Fv2%2Fcategories&post=21496"},{"taxonomy":"post_tag","embeddable":true,"href":"https:\/\/entretormentas.com\/index.php?rest_route=%2Fwp%2Fv2%2Ftags&post=21496"}],"curies":[{"name":"wp","href":"https:\/\/api.w.org\/{rel}","templated":true}]}}