{"id":21512,"date":"2025-09-08T04:17:21","date_gmt":"2025-09-08T08:17:21","guid":{"rendered":"https:\/\/entretormentas.com\/?p=21512"},"modified":"2025-09-08T04:17:21","modified_gmt":"2025-09-08T08:17:21","slug":"para-este-20-sep-ambientalistas-del-zulia-se-suman-a-la-celebracion-del-dia-mundial-de-las-playas","status":"publish","type":"post","link":"https:\/\/entretormentas.com\/para-este-20-sep-ambientalistas-del-zulia-se-suman-a-la-celebracion-del-dia-mundial-de-las-playas\/","title":{"rendered":"\u00a1PARA ESTE 20-SEP! Ambientalistas del Zulia se suman a la celebraci\u00f3n del D\u00eda Mundial de las Playas"},"content":{"rendered":"\n<p><strong>ENTRE TORMENTAS.<\/strong> Como todos los a\u00f1os en el mundo, cada tercer s\u00e1bado del mes de septiembre se celebra el D\u00eda Mundial de las Playas, dirigido por el Grupo Ambientalista Conservaci\u00f3n Oce\u00e1nica. En nuestro pa\u00eds es organizado por la Fundaci\u00f3n para la Defensa de la Naturaleza (FUDENA). Mientras que en el Zulia recae sobre el grupo ambientalista Naturaleza Azul (NATURAZUL), dirigido por Beatriz Nava.<\/p>\n\n\n\n<p>El vicepresidente de Naturazul y adjunto a la coordinaci\u00f3n del evento, Elio R\u00edos, manifiesta que este evento no solo tiene como finalidad promover la limpieza de nuestras costas, sino que contemplan tres aspectos b\u00e1sicos: la Educaci\u00f3n Ambiental, el inventario de los desechos contaminantes que afectan nuestras playas y la recuperaci\u00f3n ambiental de esos espacios costeros.<\/p>\n\n\n\n<p>El m\u00e9dico y ambientalista nos detalla que \u00abdesde 1991 el D\u00eda Mundial de las Playas se trata de un inventario cualitativo y cuantitativo de los desechos s\u00f3lidos mal dispuestos en las costas, con lo cual se aporta informaci\u00f3n escencial de la carga de contaminaci\u00f3n, naturaleza y origen (fuente) de estos desechos, para la aplicaci\u00f3n de la Gesti\u00f3n Ambiental de nuestro estado y de Venezuela\u00bb.<\/p>\n\n\n\n<figure class=\"wp-block-image size-large\"><img fetchpriority=\"high\" decoding=\"async\" width=\"1024\" height=\"755\" src=\"https:\/\/entretormentas.com\/wp-content\/uploads\/2025\/09\/PLAYAS2-1024x755.jpeg\" alt=\"\" class=\"wp-image-21513\" srcset=\"https:\/\/entretormentas.com\/wp-content\/uploads\/2025\/09\/PLAYAS2-1024x755.jpeg 1024w, https:\/\/entretormentas.com\/wp-content\/uploads\/2025\/09\/PLAYAS2-300x221.jpeg 300w, https:\/\/entretormentas.com\/wp-content\/uploads\/2025\/09\/PLAYAS2-768x566.jpeg 768w, https:\/\/entretormentas.com\/wp-content\/uploads\/2025\/09\/PLAYAS2.jpeg 1080w\" sizes=\"(max-width: 1024px) 100vw, 1024px\" \/><\/figure>\n\n\n\n<p>Tambi\u00e9n destac\u00f3 R\u00edos que durante esa jornada del s\u00e1bado 20 de septiembre, \u00abse hace una recuperaci\u00f3n ambiental, que consiste en la recolecci\u00f3n manual de esos desechos s\u00f3lidos mal dispuestos en las costas, llevados en bolsas al Vertedero Municipal\u00bb.<\/p>\n\n\n\n<p>El vicepresidente de NATURAZUL se\u00f1al\u00f3 que \u00abel estado Zulia es un estado de agua, cuenta con el Lago de Maracaibo, el Mar Caribe en el Golfo de Venezuela, 135 r\u00edos para conformar la Cuenca del Lago de Maracaibo. Adem\u00e1s cuenta con muchos humedales como la Laguna de los Olivitos, Ci\u00e9nega de Las Palmitas, Laguna de La Telef\u00f3nica (El Mene), Cocinetas, Laguna de Sinamaica, Laguna de las Peon\u00edas, Laguna de Juan Manuel de Aguas Claras, Ci\u00e9naga de Juan Manuel de Aquas Oscuras, entre otras\u00bb.<\/p>\n\n\n\n<p>El m\u00e9dico y ambientalista aprovech\u00f3 para hacer un llamado a todas las comunidades, empresas del Estado, instituciones, empresarios, emprendedores, a participar para que tengamos un estado Zulia sustentable, y que nuestro desarrollo sea sustentable.<\/p>\n\n\n\n<p>Para aquellos que deseen participar en este Dia Mundial de las Playas pueden hacerlo comunic\u00e1ndose con el grupo ambientalista NATURAZUL, a trav\u00e9s de un mensaje por WhatsApp al 0414-6115501. No te pierdas esta oportunidad de ayudar a los ecosistemas costeros del estado Zulia y ayudar a tener un estado y sus costas m\u00e1s sustentables.<br><strong><em>ET \/ Nota de Prensa<\/em><\/strong><\/p>\n\n\n\n<p><\/p>\n","protected":false},"excerpt":{"rendered":"<p>ENTRE TORMENTAS. Como todos los a\u00f1os en el mundo, cada tercer s\u00e1bado del mes de&#8230;<\/p>\n","protected":false},"author":2,"featured_media":21514,"comment_status":"closed","ping_status":"open","sticky":false,"template":"","format":"standard","meta":{"footnotes":""},"categories":[57,1],"tags":[],"class_list":["post-21512","post","type-post","status-publish","format-standard","has-post-thumbnail","hentry","category-actualidad","category-regionales"],"_links":{"self":[{"href":"https:\/\/entretormentas.com\/index.php?rest_route=\/wp\/v2\/posts\/21512","targetHints":{"allow":["GET"]}}],"collection":[{"href":"https:\/\/entretormentas.com\/index.php?rest_route=\/wp\/v2\/posts"}],"about":[{"href":"https:\/\/entretormentas.com\/index.php?rest_route=\/wp\/v2\/types\/post"}],"author":[{"embeddable":true,"href":"https:\/\/entretormentas.com\/index.php?rest_route=\/wp\/v2\/users\/2"}],"replies":[{"embeddable":true,"href":"https:\/\/entretormentas.com\/index.php?rest_route=%2Fwp%2Fv2%2Fcomments&post=21512"}],"version-history":[{"count":1,"href":"https:\/\/entretormentas.com\/index.php?rest_route=\/wp\/v2\/posts\/21512\/revisions"}],"predecessor-version":[{"id":21515,"href":"https:\/\/entretormentas.com\/index.php?rest_route=\/wp\/v2\/posts\/21512\/revisions\/21515"}],"wp:featuredmedia":[{"embeddable":true,"href":"https:\/\/entretormentas.com\/index.php?rest_route=\/wp\/v2\/media\/21514"}],"wp:attachment":[{"href":"https:\/\/entretormentas.com\/index.php?rest_route=%2Fwp%2Fv2%2Fmedia&parent=21512"}],"wp:term":[{"taxonomy":"category","embeddable":true,"href":"https:\/\/entretormentas.com\/index.php?rest_route=%2Fwp%2Fv2%2Fcategories&post=21512"},{"taxonomy":"post_tag","embeddable":true,"href":"https:\/\/entretormentas.com\/index.php?rest_route=%2Fwp%2Fv2%2Ftags&post=21512"}],"curies":[{"name":"wp","href":"https:\/\/api.w.org\/{rel}","templated":true}]}}