{"id":21520,"date":"2025-09-08T04:25:19","date_gmt":"2025-09-08T08:25:19","guid":{"rendered":"https:\/\/entretormentas.com\/?p=21520"},"modified":"2025-09-08T04:25:20","modified_gmt":"2025-09-08T08:25:20","slug":"junto-a-las-comunas-gobierno-nacional-y-alcaldia-de-maracaibo-restauran-cancha-tapiada-de-basura-en-santa-clara-ii","status":"publish","type":"post","link":"https:\/\/entretormentas.com\/junto-a-las-comunas-gobierno-nacional-y-alcaldia-de-maracaibo-restauran-cancha-tapiada-de-basura-en-santa-clara-ii\/","title":{"rendered":"\u00a1JUNTO A LAS COMUNAS! Gobierno Nacional y Alcald\u00eda de Maracaibo restauran cancha tapiada de basura en Santa Clara II"},"content":{"rendered":"\n<p><strong>ENTRE TORMENTAS. <\/strong>En acci\u00f3n conjunta el Gobierno nacional, la Alcald\u00eda de Maracaibo y el consejo comunal recuperaron en su totalidad la cancha Santa Clara II la cual estaba en un 30% tapiada de basura; as\u00ed lo inform\u00f3 Marnic G\u00e1mez, director del Instituto Municipal del Deporte y la Recreaci\u00f3n (Imdeprec). Esta instalaci\u00f3n deportiva est\u00e1 ubicada en el Barrio Santa Clara II de la parroquia Cristo de Aranza, un espacio deportivo construido hace 25 a\u00f1os.<\/p>\n\n\n\n<p>En los trabajos la Alcald\u00eda de Maracaibo cont\u00f3 con el apoyo de la direcci\u00f3n regional del Ministerio de Comercio, a cargo de Nelson Canquiz, del Sedemat y del Consejo Comunal, que hizo posible restaurar el sistema el\u00e9ctrico, la iluminaci\u00f3n, recuperar los aros de baloncesto y las arquer\u00edas para f\u00fatbol, as\u00ed como la pintura en paredes, piso y la cerca perimetral.<\/p>\n\n\n\n<p>La rehabilitaci\u00f3n de este espacio permitir\u00e1 que ni\u00f1os, j\u00f3venes y adultos puedan practicar m\u00faltiples disciplinas deportivas y participar en actividades recreativas.<\/p>\n\n\n\n<figure class=\"wp-block-image size-large\"><img fetchpriority=\"high\" decoding=\"async\" width=\"1024\" height=\"674\" src=\"https:\/\/entretormentas.com\/wp-content\/uploads\/2025\/09\/CANCHALIMPIA3-1024x674.jpeg\" alt=\"\" class=\"wp-image-21521\" srcset=\"https:\/\/entretormentas.com\/wp-content\/uploads\/2025\/09\/CANCHALIMPIA3-1024x674.jpeg 1024w, https:\/\/entretormentas.com\/wp-content\/uploads\/2025\/09\/CANCHALIMPIA3-300x198.jpeg 300w, https:\/\/entretormentas.com\/wp-content\/uploads\/2025\/09\/CANCHALIMPIA3-768x506.jpeg 768w, https:\/\/entretormentas.com\/wp-content\/uploads\/2025\/09\/CANCHALIMPIA3.jpeg 1280w\" sizes=\"(max-width: 1024px) 100vw, 1024px\" \/><\/figure>\n\n\n\n<p><strong>ACTIVAR\u00c1N PROGRAMAS DEPORTIVOS<\/strong><br>Por instrucciones del alcalde Giancarlo Di Martino, el Instituto Municipal del Deporte y la Recreaci\u00f3n (Imdeprec) se dejar\u00e1 instalado un programa deportivo permanente en la cancha. Adem\u00e1s se orienta a los j\u00f3venes para que registren escuelas y clubes deportivos, d\u00e1ndoles fortaleza jur\u00eddica como organizaciones, inform\u00f3 Marnic G\u00e1mez, director del IMDEPREC.<\/p>\n\n\n\n<p>Precis\u00f3 el director de IMDEPREC que en este espacio funcionar\u00e1 una escuela de f\u00fatbol, baloncesto y se proyecta la instalaci\u00f3n de una escuela de voleibol y se desarrollar\u00e1n programas de bailoterapia y atenci\u00f3n al adulto mayor, conocidos como \u201cC\u00edrculos de Abuelos\u201d, agreg\u00f3.<\/p>\n\n\n\n<p>La recuperaci\u00f3n de la cancha beneficiar\u00e1 directamente a m\u00e1s de 300 familias, entre las cuales se estiman a unos 500 j\u00f3venes del sector y sus alrededores, quienes ahora contar\u00e1n con un espacio cercano para el deporte, ya que la cancha m\u00e1s pr\u00f3xima \u201cse encuentra a dos comunidades m\u00e1s alejada, m\u00e1s o menos 1,5 kil\u00f3metros\u201d, explic\u00f3 G\u00e1mez.<\/p>\n\n\n\n<p><strong>RECUPERACI\u00d3N DE ESPACIOS DEPORTIVOS<\/strong><br>Esta obra forma parte del plan municipal que tiene la Alcald\u00eda Bolivariana de Maracaibo, a trav\u00e9s del IMDEPREC, para la recuperaci\u00f3n de espacios deportivos, que contempla la rehabilitaci\u00f3n de canchas deportivas en todo el municipio<br>\u201cActualmente, la Alcald\u00eda tambi\u00e9n trabaja en las canchas San Rafael, El Jazm\u00edn y Santa Rosa de Agua, con apoyo del Poder Popular. Adem\u00e1s, se proyecta la recuperaci\u00f3n de cuatro canchas adicionales y la apertura de seis m\u00e1s a trav\u00e9s de los consejos comunales\u201d, indic\u00f3 G\u00e1mez.<\/p>\n\n\n\n<p>Agreg\u00f3 G\u00e1mez que para garantizar el uso efectivo de estos espacios, la ciudad cuenta con 36 promotores y 78 t\u00e9cnicos especializados en diversas disciplinas, quienes impulsar\u00e1n programas deportivos en cada cancha recuperada.<\/p>\n\n\n\n<figure class=\"wp-block-image size-large\"><img decoding=\"async\" width=\"1024\" height=\"683\" src=\"https:\/\/entretormentas.com\/wp-content\/uploads\/2025\/09\/CANCHALIMPIA4-1024x683.jpeg\" alt=\"\" class=\"wp-image-21522\" srcset=\"https:\/\/entretormentas.com\/wp-content\/uploads\/2025\/09\/CANCHALIMPIA4-1024x683.jpeg 1024w, https:\/\/entretormentas.com\/wp-content\/uploads\/2025\/09\/CANCHALIMPIA4-300x200.jpeg 300w, https:\/\/entretormentas.com\/wp-content\/uploads\/2025\/09\/CANCHALIMPIA4-768x512.jpeg 768w, https:\/\/entretormentas.com\/wp-content\/uploads\/2025\/09\/CANCHALIMPIA4.jpeg 1280w\" sizes=\"(max-width: 1024px) 100vw, 1024px\" \/><\/figure>\n\n\n\n<p><strong>POTENCIAL DEPORTIVO PARROQUIAL<\/strong><br>Durante la reinauguraci\u00f3n, Wilfredo R\u00edos Caballero, entrenador con 35 a\u00f1os de trayectoria deportiva y representante de la escuela de iniciaci\u00f3n de baloncesto \u201cProgreso\u201d, celebr\u00f3 la recuperaci\u00f3n del espacio. La escuela, adscrita a la Asociaci\u00f3n Venezolana de Baloncesto, entrena a ni\u00f1os y ni\u00f1as en tres categor\u00edas: premini, mini y juvenil, y actualmente cuenta con m\u00e1s de 40 jugadores activos.<\/p>\n\n\n\n<p>\u201cQue las escuelas de iniciaci\u00f3n tengan un hogar, una casa donde puedan destilar toda su potencia, es un logro enorme. Siempre hemos hecho vida en el Liceo Jes\u00fas Enrique Lozada y en el mercado Corinto, aqu\u00ed mismo en la parroquia Cristo de Aranza. Ahora, gracias a este proyecto, podemos venir una vez a la semana a dictar cl\u00ednicas de baloncesto femenino e integrar a m\u00e1s j\u00f3venes a esta disciplina\u201d, afirm\u00f3 R\u00edos Caballero.<\/p>\n\n\n\n<p>El entrenador destac\u00f3 que, mientras las canchas tengan competencias y horarios de pr\u00e1ctica, se convierten en espacios autosustentables:<\/p>\n\n\n\n<p>\u201cUna cancha con vida deportiva se cuida sola. El vandalismo no tiene cabida donde hay organizaci\u00f3n y comunidad. Para nosotros es un placer sumarnos a esta gran labor\u201d.<br><strong><em>ET \/ Nota de Prensa<\/em><\/strong><\/p>\n\n\n\n<p><\/p>\n","protected":false},"excerpt":{"rendered":"<p>ENTRE TORMENTAS. En acci\u00f3n conjunta el Gobierno nacional, la Alcald\u00eda de Maracaibo y el consejo&#8230;<\/p>\n","protected":false},"author":2,"featured_media":21523,"comment_status":"closed","ping_status":"open","sticky":false,"template":"","format":"standard","meta":{"footnotes":""},"categories":[57,1],"tags":[],"class_list":["post-21520","post","type-post","status-publish","format-standard","has-post-thumbnail","hentry","category-actualidad","category-regionales"],"_links":{"self":[{"href":"https:\/\/entretormentas.com\/index.php?rest_route=\/wp\/v2\/posts\/21520","targetHints":{"allow":["GET"]}}],"collection":[{"href":"https:\/\/entretormentas.com\/index.php?rest_route=\/wp\/v2\/posts"}],"about":[{"href":"https:\/\/entretormentas.com\/index.php?rest_route=\/wp\/v2\/types\/post"}],"author":[{"embeddable":true,"href":"https:\/\/entretormentas.com\/index.php?rest_route=\/wp\/v2\/users\/2"}],"replies":[{"embeddable":true,"href":"https:\/\/entretormentas.com\/index.php?rest_route=%2Fwp%2Fv2%2Fcomments&post=21520"}],"version-history":[{"count":1,"href":"https:\/\/entretormentas.com\/index.php?rest_route=\/wp\/v2\/posts\/21520\/revisions"}],"predecessor-version":[{"id":21524,"href":"https:\/\/entretormentas.com\/index.php?rest_route=\/wp\/v2\/posts\/21520\/revisions\/21524"}],"wp:featuredmedia":[{"embeddable":true,"href":"https:\/\/entretormentas.com\/index.php?rest_route=\/wp\/v2\/media\/21523"}],"wp:attachment":[{"href":"https:\/\/entretormentas.com\/index.php?rest_route=%2Fwp%2Fv2%2Fmedia&parent=21520"}],"wp:term":[{"taxonomy":"category","embeddable":true,"href":"https:\/\/entretormentas.com\/index.php?rest_route=%2Fwp%2Fv2%2Fcategories&post=21520"},{"taxonomy":"post_tag","embeddable":true,"href":"https:\/\/entretormentas.com\/index.php?rest_route=%2Fwp%2Fv2%2Ftags&post=21520"}],"curies":[{"name":"wp","href":"https:\/\/api.w.org\/{rel}","templated":true}]}}