{"id":21525,"date":"2025-09-08T04:28:30","date_gmt":"2025-09-08T08:28:30","guid":{"rendered":"https:\/\/entretormentas.com\/?p=21525"},"modified":"2025-09-08T04:28:30","modified_gmt":"2025-09-08T08:28:30","slug":"jornada-quirurgica-alcaldia-de-maracaibo-devuelve-la-vision-a-adultos-mayores","status":"publish","type":"post","link":"https:\/\/entretormentas.com\/jornada-quirurgica-alcaldia-de-maracaibo-devuelve-la-vision-a-adultos-mayores\/","title":{"rendered":"\u00a1JORNADA QUIR\u00daRGICA! Alcald\u00eda de Maracaibo devuelve la visi\u00f3n a adultos mayores"},"content":{"rendered":"\n<p><strong>ENTRE TORMENTAS. <\/strong>Ver bien es vivir mejor y por eso, la Alcald\u00eda Bolivariana de Maracaibo, a trav\u00e9s de la Direcci\u00f3n General de Salud, realiz\u00f3 una nueva jornada de cirug\u00edas oftalmol\u00f3gicas para adultos mayores, enfocada en la correcci\u00f3n de cataratas, una de las principales causas de p\u00e9rdida visual en la tercera edad.<\/p>\n\n\n\n<p>Los procedimientos, forman parte de las pol\u00edticas de atenci\u00f3n integral impulsadas por el alcalde Giancarlo Di Martino, quien reafirma su compromiso con la salud p\u00fablica y el bienestar de los marabinos.<\/p>\n\n\n\n<p>La doctora Mayreth Acosta, directora general de salud, destac\u00f3 que \u201cel inter\u00e9s del alcalde Di Martino es responder con sensibilidad y eficacia a las necesidades m\u00e9dicas del pueblo, brindando una atenci\u00f3n humanista que permita mejorar la calidad de vida de nuestros adultos mayores\u201d.<\/p>\n\n\n\n<figure class=\"wp-block-image size-large\"><img fetchpriority=\"high\" decoding=\"async\" width=\"1024\" height=\"768\" src=\"https:\/\/entretormentas.com\/wp-content\/uploads\/2025\/09\/VISION3-1024x768.jpeg\" alt=\"\" class=\"wp-image-21526\" srcset=\"https:\/\/entretormentas.com\/wp-content\/uploads\/2025\/09\/VISION3-1024x768.jpeg 1024w, https:\/\/entretormentas.com\/wp-content\/uploads\/2025\/09\/VISION3-300x225.jpeg 300w, https:\/\/entretormentas.com\/wp-content\/uploads\/2025\/09\/VISION3-768x576.jpeg 768w, https:\/\/entretormentas.com\/wp-content\/uploads\/2025\/09\/VISION3.jpeg 1280w\" sizes=\"(max-width: 1024px) 100vw, 1024px\" \/><\/figure>\n\n\n\n<p><strong>TESTIMONIOS<\/strong><br>Un grupo de pacientes fueron intervenidos exitosamente, recibiendo atenci\u00f3n especializada y seguimiento postoperatorio este s\u00e1bado, en una jornada que prioriz\u00f3 los casos m\u00e1s urgentes.<\/p>\n\n\n\n<p>\u201cEstoy feliz. Voy a mejorar mi visi\u00f3n y por ello, todas mis actividades cotidianas. No esper\u00e9 recibir una respuesta tan r\u00e1pida\u201d, expres\u00f3 Graciela de M\u00e9ndez, de 79 a\u00f1os y habitante del sector 1 de Mayo.<\/p>\n\n\n\n<p>Esta acci\u00f3n forma parte del plan de salud visual que se ejecuta en la ciudad, en articulaci\u00f3n con todos los niveles de Gobierno, con el objetivo de atender a una cantidad considerable de personas que requieren soluciones inmediatas, especialmente en sectores vulnerables.<\/p>\n\n\n\n<p>Sin duda, cada paciente representa una historia como la de Susana Villegas, quien narr\u00f3 que: \u201cEst\u00e1 intervenci\u00f3n, me llena de esperanza y se que gracias a esta operaci\u00f3n podr\u00e9 seguir desarrollando actividades productivas\u201d, manifest\u00f3.<\/p>\n\n\n\n<p>La Alcald\u00eda de Maracaibo continuar\u00e1 desplegando jornadas m\u00e9dicas en distintas parroquias, reafirmando que la salud no espera y que el derecho a ver con claridad es tambi\u00e9n un acto de justicia social.<br><strong><em>ET \/ Nota de Prensa<\/em><\/strong><\/p>\n","protected":false},"excerpt":{"rendered":"<p>ENTRE TORMENTAS. Ver bien es vivir mejor y por eso, la Alcald\u00eda Bolivariana de Maracaibo,&#8230;<\/p>\n","protected":false},"author":2,"featured_media":21527,"comment_status":"closed","ping_status":"open","sticky":false,"template":"","format":"standard","meta":{"footnotes":""},"categories":[57,1],"tags":[],"class_list":["post-21525","post","type-post","status-publish","format-standard","has-post-thumbnail","hentry","category-actualidad","category-regionales"],"_links":{"self":[{"href":"https:\/\/entretormentas.com\/index.php?rest_route=\/wp\/v2\/posts\/21525","targetHints":{"allow":["GET"]}}],"collection":[{"href":"https:\/\/entretormentas.com\/index.php?rest_route=\/wp\/v2\/posts"}],"about":[{"href":"https:\/\/entretormentas.com\/index.php?rest_route=\/wp\/v2\/types\/post"}],"author":[{"embeddable":true,"href":"https:\/\/entretormentas.com\/index.php?rest_route=\/wp\/v2\/users\/2"}],"replies":[{"embeddable":true,"href":"https:\/\/entretormentas.com\/index.php?rest_route=%2Fwp%2Fv2%2Fcomments&post=21525"}],"version-history":[{"count":1,"href":"https:\/\/entretormentas.com\/index.php?rest_route=\/wp\/v2\/posts\/21525\/revisions"}],"predecessor-version":[{"id":21528,"href":"https:\/\/entretormentas.com\/index.php?rest_route=\/wp\/v2\/posts\/21525\/revisions\/21528"}],"wp:featuredmedia":[{"embeddable":true,"href":"https:\/\/entretormentas.com\/index.php?rest_route=\/wp\/v2\/media\/21527"}],"wp:attachment":[{"href":"https:\/\/entretormentas.com\/index.php?rest_route=%2Fwp%2Fv2%2Fmedia&parent=21525"}],"wp:term":[{"taxonomy":"category","embeddable":true,"href":"https:\/\/entretormentas.com\/index.php?rest_route=%2Fwp%2Fv2%2Fcategories&post=21525"},{"taxonomy":"post_tag","embeddable":true,"href":"https:\/\/entretormentas.com\/index.php?rest_route=%2Fwp%2Fv2%2Ftags&post=21525"}],"curies":[{"name":"wp","href":"https:\/\/api.w.org\/{rel}","templated":true}]}}