{"id":21529,"date":"2025-09-08T04:35:55","date_gmt":"2025-09-08T08:35:55","guid":{"rendered":"https:\/\/entretormentas.com\/?p=21529"},"modified":"2025-09-08T04:35:56","modified_gmt":"2025-09-08T08:35:56","slug":"feliz-aniversario-mi-maracaibo-la-capital-zuliana-arriba-a-496-anos-de-fundada-siendo-orgullo-de-sus-habitantes","status":"publish","type":"post","link":"https:\/\/entretormentas.com\/feliz-aniversario-mi-maracaibo-la-capital-zuliana-arriba-a-496-anos-de-fundada-siendo-orgullo-de-sus-habitantes\/","title":{"rendered":"\u00a1FELIZ ANIVERSARIO\u2026 MI MARACAIBO! La capital zuliana arriba a 496 a\u00f1os de fundada siendo orgullo de sus habitantes"},"content":{"rendered":"\n<p><strong><em>\u00abM\u00eda, cuando r\u00edes; m\u00eda, cuando oras\u2026 M\u00eda a todas horas, Maracaibo m\u00eda\u00bb<\/em><\/strong><br><strong><em>Ud\u00f3n P\u00e9rez<\/em><\/strong><\/p>\n\n\n\n<p><strong>ENTRE TORMENTAS. <\/strong>Hoy lunes, 8 de septiembre, Maracaibo arriba a 496 a\u00f1os de su fundaci\u00f3n, fecha que concentra el gentilicio y el regionalismo de toda una poblaci\u00f3n que a lo largo de su historia se siente orgullosa de haber nacido en esta ciudad.<\/p>\n\n\n\n<p>La hist\u00f3rica fecha se remonta al a\u00f1o 1529, cuando el conquistador alem\u00e1n Ambrosio Alfinger, al servicio de la Casa Welser y la Corona espa\u00f1ola, fund\u00f3 la entonces aldea de Maracaibo que hoy lleva su nombre.<\/p>\n\n\n\n<figure class=\"wp-block-image size-large\"><img fetchpriority=\"high\" decoding=\"async\" width=\"1024\" height=\"682\" src=\"https:\/\/entretormentas.com\/wp-content\/uploads\/2025\/09\/MARACAIBO2-1024x682.jpg\" alt=\"\" class=\"wp-image-21530\" srcset=\"https:\/\/entretormentas.com\/wp-content\/uploads\/2025\/09\/MARACAIBO2-1024x682.jpg 1024w, https:\/\/entretormentas.com\/wp-content\/uploads\/2025\/09\/MARACAIBO2-300x200.jpg 300w, https:\/\/entretormentas.com\/wp-content\/uploads\/2025\/09\/MARACAIBO2-768x512.jpg 768w, https:\/\/entretormentas.com\/wp-content\/uploads\/2025\/09\/MARACAIBO2-1536x1023.jpg 1536w, https:\/\/entretormentas.com\/wp-content\/uploads\/2025\/09\/MARACAIBO2.jpg 1600w\" sizes=\"(max-width: 1024px) 100vw, 1024px\" \/><\/figure>\n\n\n\n<p>Aquella poblaci\u00f3n naciente se convirti\u00f3 en escenario de refundaciones y transformaciones. Su ubicaci\u00f3n estrat\u00e9gica y con un imponente lago que la fue transformando en una ciudad puerto que la convirti\u00f3 en un centro comercial clave durante la colonia, y de forma progresiva en uno de los motores econ\u00f3micos de Venezuela, y que hasta fue bendecida con la explotaci\u00f3n petrolera.<\/p>\n\n\n\n<p>Maracaibo fue pionera en luz el\u00e9ctrica, telefon\u00eda y cine, por mencionar algunos, para convertirse el emblema vivo de la identidad zuliana, donde la m\u00fasica vibra en cada esquina, la gastronom\u00eda es \u00fanica, la academia es de las mejores y hasta cient\u00edficos de la talla de Humberto Fern\u00e1ndez Mor\u00e1n.<\/p>\n\n\n\n<figure class=\"wp-block-image size-full\"><img decoding=\"async\" width=\"400\" height=\"231\" src=\"https:\/\/entretormentas.com\/wp-content\/uploads\/2025\/09\/MARACAIBO3.jpg\" alt=\"\" class=\"wp-image-21531\" srcset=\"https:\/\/entretormentas.com\/wp-content\/uploads\/2025\/09\/MARACAIBO3.jpg 400w, https:\/\/entretormentas.com\/wp-content\/uploads\/2025\/09\/MARACAIBO3-300x173.jpg 300w\" sizes=\"(max-width: 400px) 100vw, 400px\" \/><\/figure>\n\n\n\n<p>En la actualidad, Maracaibo es el principal orgullo de propios y extra\u00f1os, donde un chiste siempre est\u00e1 a la orden del d\u00eda, donde cualquiera canta y donde todo confluye en un fervor religioso que se concentra en torno a la Virgen del Rosario de Chiquinquir\u00e1. Y es que tal y como se dice constantemente: \u00a1Maracaibo es la pepa del queso!<br><strong><em>ET \/ Gabriel Sthormes<\/em><\/strong><\/p>\n\n\n\n<p><\/p>\n","protected":false},"excerpt":{"rendered":"<p>\u00abM\u00eda, cuando r\u00edes; m\u00eda, cuando oras\u2026 M\u00eda a todas horas, Maracaibo m\u00eda\u00bbUd\u00f3n P\u00e9rez ENTRE TORMENTAS&#8230;.<\/p>\n","protected":false},"author":2,"featured_media":21532,"comment_status":"closed","ping_status":"open","sticky":false,"template":"","format":"standard","meta":{"footnotes":""},"categories":[56,1],"tags":[],"class_list":["post-21529","post","type-post","status-publish","format-standard","has-post-thumbnail","hentry","category-destacadas","category-regionales"],"_links":{"self":[{"href":"https:\/\/entretormentas.com\/index.php?rest_route=\/wp\/v2\/posts\/21529","targetHints":{"allow":["GET"]}}],"collection":[{"href":"https:\/\/entretormentas.com\/index.php?rest_route=\/wp\/v2\/posts"}],"about":[{"href":"https:\/\/entretormentas.com\/index.php?rest_route=\/wp\/v2\/types\/post"}],"author":[{"embeddable":true,"href":"https:\/\/entretormentas.com\/index.php?rest_route=\/wp\/v2\/users\/2"}],"replies":[{"embeddable":true,"href":"https:\/\/entretormentas.com\/index.php?rest_route=%2Fwp%2Fv2%2Fcomments&post=21529"}],"version-history":[{"count":1,"href":"https:\/\/entretormentas.com\/index.php?rest_route=\/wp\/v2\/posts\/21529\/revisions"}],"predecessor-version":[{"id":21533,"href":"https:\/\/entretormentas.com\/index.php?rest_route=\/wp\/v2\/posts\/21529\/revisions\/21533"}],"wp:featuredmedia":[{"embeddable":true,"href":"https:\/\/entretormentas.com\/index.php?rest_route=\/wp\/v2\/media\/21532"}],"wp:attachment":[{"href":"https:\/\/entretormentas.com\/index.php?rest_route=%2Fwp%2Fv2%2Fmedia&parent=21529"}],"wp:term":[{"taxonomy":"category","embeddable":true,"href":"https:\/\/entretormentas.com\/index.php?rest_route=%2Fwp%2Fv2%2Fcategories&post=21529"},{"taxonomy":"post_tag","embeddable":true,"href":"https:\/\/entretormentas.com\/index.php?rest_route=%2Fwp%2Fv2%2Ftags&post=21529"}],"curies":[{"name":"wp","href":"https:\/\/api.w.org\/{rel}","templated":true}]}}