{"id":21534,"date":"2025-09-08T04:38:11","date_gmt":"2025-09-08T08:38:11","guid":{"rendered":"https:\/\/entretormentas.com\/?p=21534"},"modified":"2025-09-08T04:38:12","modified_gmt":"2025-09-08T08:38:12","slug":"para-la-defensa-de-la-nacion-venezuela-activa-despliegue-militar-en-cinco-estados-costeros","status":"publish","type":"post","link":"https:\/\/entretormentas.com\/para-la-defensa-de-la-nacion-venezuela-activa-despliegue-militar-en-cinco-estados-costeros\/","title":{"rendered":"\u00a1PARA LA DEFENSA DE LA NACI\u00d3N! Venezuela activa despliegue militar en cinco estados costeros"},"content":{"rendered":"\n<p><strong>ENTRE TORMENTAS.<\/strong> Bajo la consigna \u00a1Venezuela defiende su soberan\u00eda!, el ministro para la Defensa, Vlad\u00edmir Padrino L\u00f3pez, se\u00f1al\u00f3 que este domingo 7 de septiembre, desde las 6:00 de la tarde, se activ\u00f3 un despliegue operacionales, en los estados Zulia, Falc\u00f3n, Nueva Esparta, Sucre y Delta Amacuro, las costas y espacios fluviales.<\/p>\n\n\n\n<p>El anuncio fue hecho por el General en Jefe de la FANB, Vlad\u00edmir Padrino L\u00f3pez, a trav\u00e9s de redes sociales, quien detall\u00f3 que la planificaci\u00f3n de la operaci\u00f3n se llev\u00f3 a cabo hoy domingo<\/p>\n\n\n\n<p>El reforzamiento militar se produce en un contexto de tensiones en la regi\u00f3n, especialmente por la postura belicista e injerencista de EEUU a trav\u00e9s de las ordenes de Donald Trump.<br><strong><em>ET \/ Agencias<\/em><\/strong><\/p>\n","protected":false},"excerpt":{"rendered":"<p>ENTRE TORMENTAS. Bajo la consigna \u00a1Venezuela defiende su soberan\u00eda!, el ministro para la Defensa, Vlad\u00edmir&#8230;<\/p>\n","protected":false},"author":2,"featured_media":21535,"comment_status":"closed","ping_status":"open","sticky":false,"template":"","format":"standard","meta":{"footnotes":""},"categories":[56,49],"tags":[],"class_list":["post-21534","post","type-post","status-publish","format-standard","has-post-thumbnail","hentry","category-destacadas","category-nacionales"],"_links":{"self":[{"href":"https:\/\/entretormentas.com\/index.php?rest_route=\/wp\/v2\/posts\/21534","targetHints":{"allow":["GET"]}}],"collection":[{"href":"https:\/\/entretormentas.com\/index.php?rest_route=\/wp\/v2\/posts"}],"about":[{"href":"https:\/\/entretormentas.com\/index.php?rest_route=\/wp\/v2\/types\/post"}],"author":[{"embeddable":true,"href":"https:\/\/entretormentas.com\/index.php?rest_route=\/wp\/v2\/users\/2"}],"replies":[{"embeddable":true,"href":"https:\/\/entretormentas.com\/index.php?rest_route=%2Fwp%2Fv2%2Fcomments&post=21534"}],"version-history":[{"count":1,"href":"https:\/\/entretormentas.com\/index.php?rest_route=\/wp\/v2\/posts\/21534\/revisions"}],"predecessor-version":[{"id":21536,"href":"https:\/\/entretormentas.com\/index.php?rest_route=\/wp\/v2\/posts\/21534\/revisions\/21536"}],"wp:featuredmedia":[{"embeddable":true,"href":"https:\/\/entretormentas.com\/index.php?rest_route=\/wp\/v2\/media\/21535"}],"wp:attachment":[{"href":"https:\/\/entretormentas.com\/index.php?rest_route=%2Fwp%2Fv2%2Fmedia&parent=21534"}],"wp:term":[{"taxonomy":"category","embeddable":true,"href":"https:\/\/entretormentas.com\/index.php?rest_route=%2Fwp%2Fv2%2Fcategories&post=21534"},{"taxonomy":"post_tag","embeddable":true,"href":"https:\/\/entretormentas.com\/index.php?rest_route=%2Fwp%2Fv2%2Ftags&post=21534"}],"curies":[{"name":"wp","href":"https:\/\/api.w.org\/{rel}","templated":true}]}}