{"id":21537,"date":"2025-09-08T04:41:12","date_gmt":"2025-09-08T08:41:12","guid":{"rendered":"https:\/\/entretormentas.com\/?p=21537"},"modified":"2025-09-08T04:41:13","modified_gmt":"2025-09-08T08:41:13","slug":"preocupacion-gremial-abogados-en-alerta-ante-nuevo-protocolo-judicial-del-ministerio-publico","status":"publish","type":"post","link":"https:\/\/entretormentas.com\/preocupacion-gremial-abogados-en-alerta-ante-nuevo-protocolo-judicial-del-ministerio-publico\/","title":{"rendered":"\u00a1PREOCUPACI\u00d3N GREMIAL! Abogados en alerta ante nuevo protocolo judicial del Ministerio P\u00fablico"},"content":{"rendered":"\n<p><strong>ENTRE TORMENTAS. <\/strong>El Fiscal General de la Rep\u00fablica, Tarek William Saab, dej\u00f3 claro que de no cumplirse el nuevo protocolo que regula estrictamente el contacto entre funcionarios del Ministerio P\u00fablico y abogados privados, podr\u00eda derivar en investigaciones penales. Seg\u00fan la nueva normativa oficial aprobada recientemente, queda prohibido recibir defensores en despachos fiscales fuera de actos procesales formales, como imputaciones, entrevistas y audiencias con citaci\u00f3n legal.<\/p>\n\n\n\n<p>La medida ha sido presentada como parte de una estrategia para combatir la corrupci\u00f3n y reforzar la transparencia institucional. Toda diligencia deber\u00e1 quedar registrada en acta, con identificaci\u00f3n completa y firma de los asistentes, y ser remitida al superior jer\u00e1rquico para su archivo.<\/p>\n\n\n\n<figure class=\"wp-block-image size-full\"><img fetchpriority=\"high\" decoding=\"async\" width=\"768\" height=\"432\" src=\"https:\/\/entretormentas.com\/wp-content\/uploads\/2025\/09\/ABOGA2.jpeg\" alt=\"\" class=\"wp-image-21538\" srcset=\"https:\/\/entretormentas.com\/wp-content\/uploads\/2025\/09\/ABOGA2.jpeg 768w, https:\/\/entretormentas.com\/wp-content\/uploads\/2025\/09\/ABOGA2-300x169.jpeg 300w\" sizes=\"(max-width: 768px) 100vw, 768px\" \/><\/figure>\n\n\n\n<p>Sin embargo, el protocolo ha generado preocupaci\u00f3n entre juristas, defensores y organizaciones de derechos humanos, quienes advierten que podr\u00eda limitar el derecho a la defensa y obstaculizar el acceso oportuno a la justicia.<\/p>\n\n\n\n<p><strong>Cr\u00edticas desde el gremio legal<\/strong><br>Para muchos abogados litigantes, esta decisi\u00f3n representa un retroceso en la din\u00e1mica judicial venezolana. Para ellos la defensa no puede ser tratada como una amenaza institucional, ya que el di\u00e1logo entre fiscales y defensores es parte del debido proceso.<\/p>\n\n\n\n<p>Adem\u00e1s, se teme que el protocolo fomente una cultura de secretismo y burocracia, donde el acceso a informaci\u00f3n clave quede restringido por formalismos que no siempre responden a la urgencia de los casos.<\/p>\n\n\n\n<p>El Ministerio P\u00fablico ha insistido en que el objetivo es evitar componendas informales que puedan comprometer la legalidad procesal. No obstante, cr\u00edticos se\u00f1alan que el protocolo podr\u00eda ser usado para intimidar o limitar el ejercicio libre de la defensa, especialmente en casos sensibles o de alto perfil pol\u00edtico.<\/p>\n\n\n\n<p>La amenaza de sanciones penales por incumplimiento, sin mecanismos claros de apelaci\u00f3n o revisi\u00f3n, tambi\u00e9n ha sido vista como una forma de presi\u00f3n institucional que podr\u00eda vulnerar garant\u00edas constitucionales.<\/p>\n\n\n\n<p>El nuevo protocolo del Ministerio P\u00fablico plantea un dilema entre la necesidad de transparencia y el respeto al derecho de defensa. Si bien la lucha contra la corrupci\u00f3n es leg\u00edtima, debe estar acompa\u00f1ada de mecanismos que fortalezcan el Estado de derecho, no que lo debiliten. En un pa\u00eds donde la justicia enfrenta desaf\u00edos estructurales, cerrar las puertas al di\u00e1logo podr\u00eda ser tan peligroso como dejar abiertas las ventanas a la impunidad.<br><strong><em>ET \/ Agencias<\/em><\/strong><\/p>\n","protected":false},"excerpt":{"rendered":"<p>ENTRE TORMENTAS. El Fiscal General de la Rep\u00fablica, Tarek William Saab, dej\u00f3 claro que de&#8230;<\/p>\n","protected":false},"author":2,"featured_media":21539,"comment_status":"closed","ping_status":"open","sticky":false,"template":"","format":"standard","meta":{"footnotes":""},"categories":[56,49],"tags":[],"class_list":["post-21537","post","type-post","status-publish","format-standard","has-post-thumbnail","hentry","category-destacadas","category-nacionales"],"_links":{"self":[{"href":"https:\/\/entretormentas.com\/index.php?rest_route=\/wp\/v2\/posts\/21537","targetHints":{"allow":["GET"]}}],"collection":[{"href":"https:\/\/entretormentas.com\/index.php?rest_route=\/wp\/v2\/posts"}],"about":[{"href":"https:\/\/entretormentas.com\/index.php?rest_route=\/wp\/v2\/types\/post"}],"author":[{"embeddable":true,"href":"https:\/\/entretormentas.com\/index.php?rest_route=\/wp\/v2\/users\/2"}],"replies":[{"embeddable":true,"href":"https:\/\/entretormentas.com\/index.php?rest_route=%2Fwp%2Fv2%2Fcomments&post=21537"}],"version-history":[{"count":1,"href":"https:\/\/entretormentas.com\/index.php?rest_route=\/wp\/v2\/posts\/21537\/revisions"}],"predecessor-version":[{"id":21540,"href":"https:\/\/entretormentas.com\/index.php?rest_route=\/wp\/v2\/posts\/21537\/revisions\/21540"}],"wp:featuredmedia":[{"embeddable":true,"href":"https:\/\/entretormentas.com\/index.php?rest_route=\/wp\/v2\/media\/21539"}],"wp:attachment":[{"href":"https:\/\/entretormentas.com\/index.php?rest_route=%2Fwp%2Fv2%2Fmedia&parent=21537"}],"wp:term":[{"taxonomy":"category","embeddable":true,"href":"https:\/\/entretormentas.com\/index.php?rest_route=%2Fwp%2Fv2%2Fcategories&post=21537"},{"taxonomy":"post_tag","embeddable":true,"href":"https:\/\/entretormentas.com\/index.php?rest_route=%2Fwp%2Fv2%2Ftags&post=21537"}],"curies":[{"name":"wp","href":"https:\/\/api.w.org\/{rel}","templated":true}]}}