{"id":21541,"date":"2025-09-08T04:44:33","date_gmt":"2025-09-08T08:44:33","guid":{"rendered":"https:\/\/entretormentas.com\/?p=21541"},"modified":"2025-09-08T04:44:34","modified_gmt":"2025-09-08T08:44:34","slug":"fiesta-mariana-celebran-los-114-anos-de-coronacion-canonica-de-la-virgen-del-valle","status":"publish","type":"post","link":"https:\/\/entretormentas.com\/fiesta-mariana-celebran-los-114-anos-de-coronacion-canonica-de-la-virgen-del-valle\/","title":{"rendered":"\u00a1FIESTA MARIANA! Celebran los 114 a\u00f1os de coronaci\u00f3n can\u00f3nica de la Virgen del Valle"},"content":{"rendered":"\n<p><strong>ENTRE TORMENTAS.<\/strong> Este lunes 8 de septiembre, la isla de Margarita y sus feligreses festejar\u00e1n a la Virgen de Valle y sus 114 a\u00f1os de coronaci\u00f3n can\u00f3nica.<\/p>\n\n\n\n<p>La Iglesia Cat\u00f3lica de Nueva Esparta anunci\u00f3 que la misa central ser\u00e1 presidida por el nuncio apost\u00f3lico en Venezuela, Alberto Ortega Mart\u00edn, a las ocho de la ma\u00f1ana. El obispo de la Di\u00f3cesis de Margarita, monse\u00f1or Fernando Castro Aguayo, se\u00f1al\u00f3 la emoci\u00f3n de los feligreses al contar con la presencia del representante del Papa Le\u00f3n XIV.<\/p>\n\n\n\n<p>\u00abPara nosotros es un honor muy grande, y es un signo muy grande de comuni\u00f3n con el papa Le\u00f3n XIV, el hecho de que su representante aqu\u00ed en Venezuela nos acompa\u00f1e\u00bb, expres\u00f3.<\/p>\n\n\n\n<figure class=\"wp-block-image size-large\"><img fetchpriority=\"high\" decoding=\"async\" width=\"819\" height=\"1024\" src=\"https:\/\/entretormentas.com\/wp-content\/uploads\/2025\/09\/VALLITA2-819x1024.jpeg\" alt=\"\" class=\"wp-image-21542\" srcset=\"https:\/\/entretormentas.com\/wp-content\/uploads\/2025\/09\/VALLITA2-819x1024.jpeg 819w, https:\/\/entretormentas.com\/wp-content\/uploads\/2025\/09\/VALLITA2-240x300.jpeg 240w, https:\/\/entretormentas.com\/wp-content\/uploads\/2025\/09\/VALLITA2-768x960.jpeg 768w, https:\/\/entretormentas.com\/wp-content\/uploads\/2025\/09\/VALLITA2.jpeg 1024w\" sizes=\"(max-width: 819px) 100vw, 819px\" \/><\/figure>\n\n\n\n<p>A la celebraci\u00f3n asisten personas de distintas partes del pa\u00eds que agradecen los milagros concedidos. Un caso emblem\u00e1tico en la entidad, es la curaci\u00f3n de Jes\u00fas Cortes\u00eda. Fue llevado al Hospital Dr. Luis Ortega de Porlamar luego de sufrir una ca\u00edda de aproximadamente 20 metros desde un \u00e1rbol, en la poblaci\u00f3n Las Piedras del Valle, cercana al santuario. Desde entonces, su madre, cada a\u00f1o visita diariamente la bas\u00edlica menor de El Valle desde el primero de septiembre para cumplir con su promesa.<\/p>\n\n\n\n<p>En cuanto a la decoraci\u00f3n, Jos\u00e9 Rodr\u00edguez, encargado desde hace m\u00e1s de una d\u00e9cada de adornar la carroza en la que se muestra a la virgen, indic\u00f3 que este a\u00f1o lucir\u00e1 orqu\u00eddeas y lirios blancos, adem\u00e1s de rosas claras.<\/p>\n\n\n\n<p>Los devotos se colmar\u00e1n de alegr\u00eda pr\u00f3ximamente, puesto que el oriente venezolano rinde homenaje a su patrona una vez m\u00e1s.<br><strong><em>ET \/ Agencias<\/em><\/strong><\/p>\n\n\n\n<p><\/p>\n","protected":false},"excerpt":{"rendered":"<p>ENTRE TORMENTAS. Este lunes 8 de septiembre, la isla de Margarita y sus feligreses festejar\u00e1n&#8230;<\/p>\n","protected":false},"author":2,"featured_media":21543,"comment_status":"closed","ping_status":"open","sticky":false,"template":"","format":"standard","meta":{"footnotes":""},"categories":[56,49],"tags":[],"class_list":["post-21541","post","type-post","status-publish","format-standard","has-post-thumbnail","hentry","category-destacadas","category-nacionales"],"_links":{"self":[{"href":"https:\/\/entretormentas.com\/index.php?rest_route=\/wp\/v2\/posts\/21541","targetHints":{"allow":["GET"]}}],"collection":[{"href":"https:\/\/entretormentas.com\/index.php?rest_route=\/wp\/v2\/posts"}],"about":[{"href":"https:\/\/entretormentas.com\/index.php?rest_route=\/wp\/v2\/types\/post"}],"author":[{"embeddable":true,"href":"https:\/\/entretormentas.com\/index.php?rest_route=\/wp\/v2\/users\/2"}],"replies":[{"embeddable":true,"href":"https:\/\/entretormentas.com\/index.php?rest_route=%2Fwp%2Fv2%2Fcomments&post=21541"}],"version-history":[{"count":1,"href":"https:\/\/entretormentas.com\/index.php?rest_route=\/wp\/v2\/posts\/21541\/revisions"}],"predecessor-version":[{"id":21544,"href":"https:\/\/entretormentas.com\/index.php?rest_route=\/wp\/v2\/posts\/21541\/revisions\/21544"}],"wp:featuredmedia":[{"embeddable":true,"href":"https:\/\/entretormentas.com\/index.php?rest_route=\/wp\/v2\/media\/21543"}],"wp:attachment":[{"href":"https:\/\/entretormentas.com\/index.php?rest_route=%2Fwp%2Fv2%2Fmedia&parent=21541"}],"wp:term":[{"taxonomy":"category","embeddable":true,"href":"https:\/\/entretormentas.com\/index.php?rest_route=%2Fwp%2Fv2%2Fcategories&post=21541"},{"taxonomy":"post_tag","embeddable":true,"href":"https:\/\/entretormentas.com\/index.php?rest_route=%2Fwp%2Fv2%2Ftags&post=21541"}],"curies":[{"name":"wp","href":"https:\/\/api.w.org\/{rel}","templated":true}]}}