{"id":21548,"date":"2025-09-08T16:53:24","date_gmt":"2025-09-08T20:53:24","guid":{"rendered":"https:\/\/entretormentas.com\/?p=21548"},"modified":"2025-09-08T16:53:25","modified_gmt":"2025-09-08T20:53:25","slug":"para-las-siete-parroquias-alcaldia-de-san-francisco-fortalece-seguridad-ciudadana-junto-a-organismos-y-comunas","status":"publish","type":"post","link":"https:\/\/entretormentas.com\/para-las-siete-parroquias-alcaldia-de-san-francisco-fortalece-seguridad-ciudadana-junto-a-organismos-y-comunas\/","title":{"rendered":"\u00a1PARA LAS SIETE PARROQUIAS! Alcald\u00eda de San Francisco fortalece seguridad ciudadana junto a organismos y comunas"},"content":{"rendered":"\n<p><strong>ENTRE TORMENTAS.<\/strong> Desde las instalaciones del auditorio \u201cCh\u00e1vez Vive\u201d del ayuntamiento sure\u00f1o, se llev\u00f3 a cabo un encuentro de trabajo para consolidar las estrategias de seguridad en las comunidades del municipio San Francisco, enmarcado en la tercera l\u00ednea de las 7 Transformaciones (7T) impulsadas por el Presidente Nicol\u00e1s Maduro, y que se desplegar\u00e1 progresivamente en las siete parroquias del municipio.<\/p>\n\n\n\n<p>Jos\u00e9 Hern\u00e1ndez, Director de Prevenci\u00f3n y Seguridad Ciudadana del municipio San Francisco, expres\u00f3 su compromiso con el resguardo de los habitantes. \u201cEste es un acercamiento de la gerencia a las comunidades. Queremos escuchar sus necesidades y hacerlas llegar al alcalde H\u00e9ctor Soto. Estamos dispuestos a trabajar en equipo para consolidar una gesti\u00f3n de seguridad m\u00e1s eficiente\u201d, afirm\u00f3.<\/p>\n\n\n\n<figure class=\"wp-block-image size-large\"><img fetchpriority=\"high\" decoding=\"async\" width=\"1024\" height=\"682\" src=\"https:\/\/entretormentas.com\/wp-content\/uploads\/2025\/09\/SEGURISUR2-1024x682.jpeg\" alt=\"\" class=\"wp-image-21549\" srcset=\"https:\/\/entretormentas.com\/wp-content\/uploads\/2025\/09\/SEGURISUR2-1024x682.jpeg 1024w, https:\/\/entretormentas.com\/wp-content\/uploads\/2025\/09\/SEGURISUR2-300x200.jpeg 300w, https:\/\/entretormentas.com\/wp-content\/uploads\/2025\/09\/SEGURISUR2-768x512.jpeg 768w, https:\/\/entretormentas.com\/wp-content\/uploads\/2025\/09\/SEGURISUR2.jpeg 1280w\" sizes=\"(max-width: 1024px) 100vw, 1024px\" \/><\/figure>\n\n\n\n<p>En la jornada participaron Protecci\u00f3n Civil, Guardia del Pueblo, Superintendencia Nacional Antidrogas, Fuerza Bolivariana de Trabajadores Socialistas (FBTS), la Gerencia de Prevenci\u00f3n, Promoci\u00f3n y Participaci\u00f3n Ciudadana (GPPPC), as\u00ed como voceros de los circuitos comunales.<\/p>\n\n\n\n<p>Como parte de las estrategias, se habilit\u00f3 la l\u00ednea telef\u00f3nica 0414-3637148 para recibir denuncias y emergencias de forma directa. Asimismo, las comunas designar\u00e1n responsables para levantar reportes de las situaciones que afecten la tranquilidad de sus sectores.<\/p>\n\n\n\n<figure class=\"wp-block-image size-large\"><img decoding=\"async\" width=\"1024\" height=\"682\" src=\"https:\/\/entretormentas.com\/wp-content\/uploads\/2025\/09\/SEGURISUR3-1024x682.jpeg\" alt=\"\" class=\"wp-image-21550\" srcset=\"https:\/\/entretormentas.com\/wp-content\/uploads\/2025\/09\/SEGURISUR3-1024x682.jpeg 1024w, https:\/\/entretormentas.com\/wp-content\/uploads\/2025\/09\/SEGURISUR3-300x200.jpeg 300w, https:\/\/entretormentas.com\/wp-content\/uploads\/2025\/09\/SEGURISUR3-768x512.jpeg 768w, https:\/\/entretormentas.com\/wp-content\/uploads\/2025\/09\/SEGURISUR3.jpeg 1280w\" sizes=\"(max-width: 1024px) 100vw, 1024px\" \/><\/figure>\n\n\n\n<p>Por su parte, Julio Pi\u00f1a, Director de Comunas y Consejos Comunales, resalt\u00f3 que: \u00abestos encuentros fortalecen la gobernanza territorial y consolidan el poder popular en las 26 comunas que conforman San Francisco\u00bb.<\/p>\n\n\n\n<p>Finalmente, los comuneros manifestaron su apoyo a la gesti\u00f3n del Alcalde Bolivariano de San Francisco, H\u00e9ctor Soto, destacando que estas acciones permiten reactivar los Cuadrantes de Paz y devolver protagonismo a las comunidades en la lucha contra el delito, promoviendo un municipio m\u00e1s seguro y protegido.<br><strong><em>ET \/ Nota de Prensa<\/em><\/strong><\/p>\n","protected":false},"excerpt":{"rendered":"<p>ENTRE TORMENTAS. Desde las instalaciones del auditorio \u201cCh\u00e1vez Vive\u201d del ayuntamiento sure\u00f1o, se llev\u00f3 a&#8230;<\/p>\n","protected":false},"author":2,"featured_media":21551,"comment_status":"closed","ping_status":"open","sticky":false,"template":"","format":"standard","meta":{"footnotes":""},"categories":[57,1],"tags":[],"class_list":["post-21548","post","type-post","status-publish","format-standard","has-post-thumbnail","hentry","category-actualidad","category-regionales"],"_links":{"self":[{"href":"https:\/\/entretormentas.com\/index.php?rest_route=\/wp\/v2\/posts\/21548","targetHints":{"allow":["GET"]}}],"collection":[{"href":"https:\/\/entretormentas.com\/index.php?rest_route=\/wp\/v2\/posts"}],"about":[{"href":"https:\/\/entretormentas.com\/index.php?rest_route=\/wp\/v2\/types\/post"}],"author":[{"embeddable":true,"href":"https:\/\/entretormentas.com\/index.php?rest_route=\/wp\/v2\/users\/2"}],"replies":[{"embeddable":true,"href":"https:\/\/entretormentas.com\/index.php?rest_route=%2Fwp%2Fv2%2Fcomments&post=21548"}],"version-history":[{"count":1,"href":"https:\/\/entretormentas.com\/index.php?rest_route=\/wp\/v2\/posts\/21548\/revisions"}],"predecessor-version":[{"id":21552,"href":"https:\/\/entretormentas.com\/index.php?rest_route=\/wp\/v2\/posts\/21548\/revisions\/21552"}],"wp:featuredmedia":[{"embeddable":true,"href":"https:\/\/entretormentas.com\/index.php?rest_route=\/wp\/v2\/media\/21551"}],"wp:attachment":[{"href":"https:\/\/entretormentas.com\/index.php?rest_route=%2Fwp%2Fv2%2Fmedia&parent=21548"}],"wp:term":[{"taxonomy":"category","embeddable":true,"href":"https:\/\/entretormentas.com\/index.php?rest_route=%2Fwp%2Fv2%2Fcategories&post=21548"},{"taxonomy":"post_tag","embeddable":true,"href":"https:\/\/entretormentas.com\/index.php?rest_route=%2Fwp%2Fv2%2Ftags&post=21548"}],"curies":[{"name":"wp","href":"https:\/\/api.w.org\/{rel}","templated":true}]}}