{"id":21562,"date":"2025-09-08T17:08:49","date_gmt":"2025-09-08T21:08:49","guid":{"rendered":"https:\/\/entretormentas.com\/?p=21562"},"modified":"2025-09-08T17:08:50","modified_gmt":"2025-09-08T21:08:50","slug":"antes-del-regreso-a-clases-alcaldia-de-san-francisco-pone-en-marcha-el-plan-mi-escuela-bonita","status":"publish","type":"post","link":"https:\/\/entretormentas.com\/antes-del-regreso-a-clases-alcaldia-de-san-francisco-pone-en-marcha-el-plan-mi-escuela-bonita\/","title":{"rendered":"\u00a1ANTES DEL REGRESO A CLASES! Alcald\u00eda de San Francisco pone en marcha el plan \u201cMi Escuela Bonita\u201d"},"content":{"rendered":"\n<p><strong>ENTRE TORMENTAS. <\/strong>Este lunes comenz\u00f3 en el municipio San Francisco el plan \u201cMi Escuela Bonita\u201d, una iniciativa integral de recuperaci\u00f3n de planteles educativos que busca garantizar espacios dignos, limpios y seguros para el regreso a clases del per\u00edodo escolar 2025-2026. La emblem\u00e1tica Escuela Jos\u00e9 Antonio Calca\u00f1o, ubicada en la parroquia San Francisco, fue el punto de partida de este programa, con la presencia de Johan Vicu\u00f1a, Gerente General de la Alcald\u00eda de San Francisco, quien asisti\u00f3 en representaci\u00f3n del alcalde H\u00e9ctor Soto.<\/p>\n\n\n\n<figure class=\"wp-block-image size-large\"><img fetchpriority=\"high\" decoding=\"async\" width=\"1024\" height=\"682\" src=\"https:\/\/entretormentas.com\/wp-content\/uploads\/2025\/09\/PLANTELSUR2-1024x682.jpeg\" alt=\"\" class=\"wp-image-21563\" srcset=\"https:\/\/entretormentas.com\/wp-content\/uploads\/2025\/09\/PLANTELSUR2-1024x682.jpeg 1024w, https:\/\/entretormentas.com\/wp-content\/uploads\/2025\/09\/PLANTELSUR2-300x200.jpeg 300w, https:\/\/entretormentas.com\/wp-content\/uploads\/2025\/09\/PLANTELSUR2-768x511.jpeg 768w, https:\/\/entretormentas.com\/wp-content\/uploads\/2025\/09\/PLANTELSUR2.jpeg 1280w\" sizes=\"(max-width: 1024px) 100vw, 1024px\" \/><\/figure>\n\n\n\n<p>El plan se desplegar\u00e1 progresivamente en las siete parroquias del municipio, asegurando que los planteles reciban atenci\u00f3n integral. Esto permitir\u00e1 que los estudiantes tengan acceso a espacios funcionales y seguros, favoreciendo el aprendizaje y la recreaci\u00f3n en un entorno adecuado.<\/p>\n\n\n\n<p>Las mejoras incluyen el embellecimiento de las \u00e1reas verdes, trabajos de impermeabilizaci\u00f3n, pintura y climatizaci\u00f3n, lo que permitir\u00e1 a los estudiantes disfrutar de escuelas en condiciones \u00f3ptimas para el pr\u00f3ximo ciclo escolar. Johana Solarte, representante del Circuito Comunal \u00abGuardianes de la Revoluci\u00f3n\u00bb, resalt\u00f3 la participaci\u00f3n del Poder Popular y la primera autoridad municipal en estas labores.<\/p>\n\n\n\n<figure class=\"wp-block-image size-large\"><img decoding=\"async\" width=\"1024\" height=\"768\" src=\"https:\/\/entretormentas.com\/wp-content\/uploads\/2025\/09\/PLANTELSUR3-1024x768.jpeg\" alt=\"\" class=\"wp-image-21564\" srcset=\"https:\/\/entretormentas.com\/wp-content\/uploads\/2025\/09\/PLANTELSUR3-1024x768.jpeg 1024w, https:\/\/entretormentas.com\/wp-content\/uploads\/2025\/09\/PLANTELSUR3-300x225.jpeg 300w, https:\/\/entretormentas.com\/wp-content\/uploads\/2025\/09\/PLANTELSUR3-768x576.jpeg 768w, https:\/\/entretormentas.com\/wp-content\/uploads\/2025\/09\/PLANTELSUR3.jpeg 1280w\" sizes=\"(max-width: 1024px) 100vw, 1024px\" \/><\/figure>\n\n\n\n<p>Ver\u00f3nica Perozo, Primera Autoridad Educativa del municipio, destac\u00f3 que esta iniciativa beneficia a todos, especialmente a los estudiantes de sectores m\u00e1s humildes y necesitados, gracias al respaldo del Presidente Nicol\u00e1s Maduro, el Gobernador Luis Caldera y el Alcalde H\u00e9ctor Soto.<\/p>\n\n\n\n<p>Haglen Gonz\u00e1lez, director del plantel, se\u00f1al\u00f3 que la recuperaci\u00f3n de los espacios beneficiar\u00e1 a mil 100 estudiantes durante el nuevo a\u00f1o escolar y agradeci\u00f3 la gesti\u00f3n del Presidente y del Alcalde Soto, resaltando la importancia de estas acciones para garantizar un regreso a clases seguro y con calidad.<br><strong><em>ET \/ Prensa Alcald\u00eda de San Francisco<\/em><\/strong><\/p>\n","protected":false},"excerpt":{"rendered":"<p>ENTRE TORMENTAS. Este lunes comenz\u00f3 en el municipio San Francisco el plan \u201cMi Escuela Bonita\u201d,&#8230;<\/p>\n","protected":false},"author":2,"featured_media":21565,"comment_status":"closed","ping_status":"open","sticky":false,"template":"","format":"standard","meta":{"footnotes":""},"categories":[57,1],"tags":[],"class_list":["post-21562","post","type-post","status-publish","format-standard","has-post-thumbnail","hentry","category-actualidad","category-regionales"],"_links":{"self":[{"href":"https:\/\/entretormentas.com\/index.php?rest_route=\/wp\/v2\/posts\/21562","targetHints":{"allow":["GET"]}}],"collection":[{"href":"https:\/\/entretormentas.com\/index.php?rest_route=\/wp\/v2\/posts"}],"about":[{"href":"https:\/\/entretormentas.com\/index.php?rest_route=\/wp\/v2\/types\/post"}],"author":[{"embeddable":true,"href":"https:\/\/entretormentas.com\/index.php?rest_route=\/wp\/v2\/users\/2"}],"replies":[{"embeddable":true,"href":"https:\/\/entretormentas.com\/index.php?rest_route=%2Fwp%2Fv2%2Fcomments&post=21562"}],"version-history":[{"count":1,"href":"https:\/\/entretormentas.com\/index.php?rest_route=\/wp\/v2\/posts\/21562\/revisions"}],"predecessor-version":[{"id":21566,"href":"https:\/\/entretormentas.com\/index.php?rest_route=\/wp\/v2\/posts\/21562\/revisions\/21566"}],"wp:featuredmedia":[{"embeddable":true,"href":"https:\/\/entretormentas.com\/index.php?rest_route=\/wp\/v2\/media\/21565"}],"wp:attachment":[{"href":"https:\/\/entretormentas.com\/index.php?rest_route=%2Fwp%2Fv2%2Fmedia&parent=21562"}],"wp:term":[{"taxonomy":"category","embeddable":true,"href":"https:\/\/entretormentas.com\/index.php?rest_route=%2Fwp%2Fv2%2Fcategories&post=21562"},{"taxonomy":"post_tag","embeddable":true,"href":"https:\/\/entretormentas.com\/index.php?rest_route=%2Fwp%2Fv2%2Ftags&post=21562"}],"curies":[{"name":"wp","href":"https:\/\/api.w.org\/{rel}","templated":true}]}}