{"id":21567,"date":"2025-09-08T17:16:20","date_gmt":"2025-09-08T21:16:20","guid":{"rendered":"https:\/\/entretormentas.com\/?p=21567"},"modified":"2025-09-08T17:16:21","modified_gmt":"2025-09-08T21:16:21","slug":"regalo-para-la-ciudad-alcaldia-de-maracaibo-refuerza-plan-de-limpieza-con-camiones-trimotos-y-150-trabajadores","status":"publish","type":"post","link":"https:\/\/entretormentas.com\/regalo-para-la-ciudad-alcaldia-de-maracaibo-refuerza-plan-de-limpieza-con-camiones-trimotos-y-150-trabajadores\/","title":{"rendered":"\u00a1REGALO PARA LA CIUDAD! Alcald\u00eda de Maracaibo refuerza plan de limpieza con camiones, trimotos y 150 trabajadores"},"content":{"rendered":"\n<p><strong>ENTRE TORMENTAS. <\/strong>\u00a1Un regalo para la ciudad en su 496\u00b0 aniversario! La Alcald\u00eda de Maracaibo, a trav\u00e9s del Instituto Municipal de Aseo Urbano (Imau) reforz\u00f3 el plan de saneamiento puesto en marcha en toda la ciudad por el alcalde Giancarlo Di Martino.<\/p>\n\n\n\n<p>Para ejecutar operativos especiales se dispondr\u00e1 ahora con tres nuevas unidades compactadoras, siete trimotos, tres camiones volteo y 150 nuevos trabajadores del barrido manual.<\/p>\n\n\n\n<figure class=\"wp-block-image size-large\"><img fetchpriority=\"high\" decoding=\"async\" width=\"1024\" height=\"683\" src=\"https:\/\/entretormentas.com\/wp-content\/uploads\/2025\/09\/ASEODI2-1024x683.jpeg\" alt=\"\" class=\"wp-image-21568\" srcset=\"https:\/\/entretormentas.com\/wp-content\/uploads\/2025\/09\/ASEODI2-1024x683.jpeg 1024w, https:\/\/entretormentas.com\/wp-content\/uploads\/2025\/09\/ASEODI2-300x200.jpeg 300w, https:\/\/entretormentas.com\/wp-content\/uploads\/2025\/09\/ASEODI2-768x512.jpeg 768w, https:\/\/entretormentas.com\/wp-content\/uploads\/2025\/09\/ASEODI2.jpeg 1280w\" sizes=\"(max-width: 1024px) 100vw, 1024px\" \/><\/figure>\n\n\n\n<p>La nueva dotaci\u00f3n se despleg\u00f3 este mismo lunes en diferentes puntos de la ciudad, inform\u00f3 el presidente del Imau, Joemel Robles, durante un acto en el Parque Rafael Urdaneta.<\/p>\n\n\n\n<p>El funcionario indic\u00f3 que la incorporaci\u00f3n de estos de veh\u00edculos y recurso humano permitir\u00e1 sumar 75 toneladas a la recolecci\u00f3n diaria de desechos en Maracaibo.<\/p>\n\n\n\n<p>\u201cSe incrementa la limpieza con esta log\u00edstica que, desde la Alcald\u00eda de Maracaibo, ya ven\u00edamos trabajando de forma mancomunada con la Gobernaci\u00f3n del Zulia, el Instituto Aut\u00f3nomo Regional de Ambiente (Iara), el Instituto Municipal de Ambiente (IMA) y la empresa Fospuca\u201d.<\/p>\n\n\n\n<p>Dijo que esta importante dotaci\u00f3n es producto de la conjunci\u00f3n de los cuatro niveles de Gobierno: nacional, estatal, municipal y comunal.<\/p>\n\n\n\n<figure class=\"wp-block-image size-large\"><img decoding=\"async\" width=\"682\" height=\"1024\" src=\"https:\/\/entretormentas.com\/wp-content\/uploads\/2025\/09\/ASEODI3-682x1024.jpeg\" alt=\"\" class=\"wp-image-21569\" srcset=\"https:\/\/entretormentas.com\/wp-content\/uploads\/2025\/09\/ASEODI3-682x1024.jpeg 682w, https:\/\/entretormentas.com\/wp-content\/uploads\/2025\/09\/ASEODI3-200x300.jpeg 200w, https:\/\/entretormentas.com\/wp-content\/uploads\/2025\/09\/ASEODI3-768x1152.jpeg 768w, https:\/\/entretormentas.com\/wp-content\/uploads\/2025\/09\/ASEODI3.jpeg 853w\" sizes=\"(max-width: 682px) 100vw, 682px\" \/><\/figure>\n\n\n\n<p><strong>A INSCRIBIRSE EN EL SIGAT<\/strong><br>El presidente del Imau, quien tambi\u00e9n funge como director de Servicios P\u00fablicos de Maracaibo, inst\u00f3 a los marabinos a ser parte de la soluci\u00f3n en el tema de la salubridad de la capital zuliana.<\/p>\n\n\n\n<p>\u201cDebemos actuar como buenos ciudadanos y estar conscientes de nuestras responsabilidades; por eso uno de nuestros deberes es formalizar el registro en el nuevo sistema de recaudaci\u00f3n, el Sigat -Sistema de Gesti\u00f3n y Administraci\u00f3n Tributaria- adscrito al Sedemat\u201d, dijo Robles.<\/p>\n\n\n\n<p>Detall\u00f3 que: \u201cLa responsabilidad es compartida, no corresponde \u00fanicamente al municipio. Los marabinos tienen el derecho a exigir que se les recoja sus desechos, pero tambi\u00e9n tienen el deber y la obligaci\u00f3n de cumplir con el pago de los tributos para optimizar el servicio de recolecci\u00f3n\u201d.<\/p>\n\n\n\n<p>Tambi\u00e9n llam\u00f3 a los vecinos a hacer una correcta disposici\u00f3n de los desechos s\u00f3lidos y denunciar a quienes lanzan basura en las v\u00edas p\u00fablicas.<br>\u201cEstamos trabajando en todos los frentes, pero los ciudadanos pueden ser parte de la soluci\u00f3n, no del problema\u201d, dijo Robles.<\/p>\n\n\n\n<figure class=\"wp-block-image size-large\"><img decoding=\"async\" width=\"1024\" height=\"682\" src=\"https:\/\/entretormentas.com\/wp-content\/uploads\/2025\/09\/ASEODI5-1024x682.jpeg\" alt=\"\" class=\"wp-image-21570\" srcset=\"https:\/\/entretormentas.com\/wp-content\/uploads\/2025\/09\/ASEODI5-1024x682.jpeg 1024w, https:\/\/entretormentas.com\/wp-content\/uploads\/2025\/09\/ASEODI5-300x200.jpeg 300w, https:\/\/entretormentas.com\/wp-content\/uploads\/2025\/09\/ASEODI5-768x512.jpeg 768w, https:\/\/entretormentas.com\/wp-content\/uploads\/2025\/09\/ASEODI5.jpeg 1280w\" sizes=\"(max-width: 1024px) 100vw, 1024px\" \/><\/figure>\n\n\n\n<p><strong>AMPLIAR ZONAS DE ATENCI\u00d3N<\/strong><br>Al referirse a los 150 trabajadores de barrido manual, afirm\u00f3 Roble que: \u201cEl personal nuevo se distribuir\u00e1 en algunas zonas fijas, como San Jacinto, parroquia Cristo de Aranza y Curva de Molina; entre otros sectores. Vamos a habilitar nuevamente las cuadrillas nocturnas para el casco central, que hab\u00edan sido eliminadas, y hacer posible que la avenida Libertador, la calle P\u00e1ez, la Calle Derecha y todas las calles del centro amanezcan limpias\u201d.<\/p>\n\n\n\n<p>Como parte del dispositivo especial, el Sagas incorpor\u00f3 dos unidades para la atenci\u00f3n de fugas de gas dom\u00e9stico en la ciudad.<\/p>\n\n\n\n<p><strong>MAYOR CAPACIDAD DE RESPUESTA<\/strong><br>Por su parte, Janner P\u00e9rez, presidente del Instituto Municipal del Ambiente (IMA), destac\u00f3 la repercusi\u00f3n favorable que tendr\u00e1 para la ciudad la incorporaci\u00f3n de estos nuevos recursos.<br>\u201cCon estos equipos vamos a aumentar nuestra capacidad de respuesta en la ciudad. Recuerden que nosotros estamos atendiendo una ciudad que conseguimos en un estado cr\u00edtico. La desidia y el abandono de los corredores viales eran notorios; estaban totalmente enmontados y sucios. Con estos equipos el despliegue operacional de la ciudad mejorar\u00e1\u201d.<br><strong><em>ET \/ Prensa Alcald\u00eda de Maracaibo<\/em><\/strong><\/p>\n","protected":false},"excerpt":{"rendered":"<p>ENTRE TORMENTAS. \u00a1Un regalo para la ciudad en su 496\u00b0 aniversario! La Alcald\u00eda de Maracaibo,&#8230;<\/p>\n","protected":false},"author":2,"featured_media":21571,"comment_status":"closed","ping_status":"open","sticky":false,"template":"","format":"standard","meta":{"footnotes":""},"categories":[57,1],"tags":[],"class_list":["post-21567","post","type-post","status-publish","format-standard","has-post-thumbnail","hentry","category-actualidad","category-regionales"],"_links":{"self":[{"href":"https:\/\/entretormentas.com\/index.php?rest_route=\/wp\/v2\/posts\/21567","targetHints":{"allow":["GET"]}}],"collection":[{"href":"https:\/\/entretormentas.com\/index.php?rest_route=\/wp\/v2\/posts"}],"about":[{"href":"https:\/\/entretormentas.com\/index.php?rest_route=\/wp\/v2\/types\/post"}],"author":[{"embeddable":true,"href":"https:\/\/entretormentas.com\/index.php?rest_route=\/wp\/v2\/users\/2"}],"replies":[{"embeddable":true,"href":"https:\/\/entretormentas.com\/index.php?rest_route=%2Fwp%2Fv2%2Fcomments&post=21567"}],"version-history":[{"count":1,"href":"https:\/\/entretormentas.com\/index.php?rest_route=\/wp\/v2\/posts\/21567\/revisions"}],"predecessor-version":[{"id":21572,"href":"https:\/\/entretormentas.com\/index.php?rest_route=\/wp\/v2\/posts\/21567\/revisions\/21572"}],"wp:featuredmedia":[{"embeddable":true,"href":"https:\/\/entretormentas.com\/index.php?rest_route=\/wp\/v2\/media\/21571"}],"wp:attachment":[{"href":"https:\/\/entretormentas.com\/index.php?rest_route=%2Fwp%2Fv2%2Fmedia&parent=21567"}],"wp:term":[{"taxonomy":"category","embeddable":true,"href":"https:\/\/entretormentas.com\/index.php?rest_route=%2Fwp%2Fv2%2Fcategories&post=21567"},{"taxonomy":"post_tag","embeddable":true,"href":"https:\/\/entretormentas.com\/index.php?rest_route=%2Fwp%2Fv2%2Ftags&post=21567"}],"curies":[{"name":"wp","href":"https:\/\/api.w.org\/{rel}","templated":true}]}}