{"id":21573,"date":"2025-09-08T17:47:30","date_gmt":"2025-09-08T21:47:30","guid":{"rendered":"https:\/\/entretormentas.com\/?p=21573"},"modified":"2025-09-08T17:47:31","modified_gmt":"2025-09-08T21:47:31","slug":"alcalde-di-martino-para-su-aniversario-500-maracaibo-sera-la-primera-ciudad-de-venezuela","status":"publish","type":"post","link":"https:\/\/entretormentas.com\/alcalde-di-martino-para-su-aniversario-500-maracaibo-sera-la-primera-ciudad-de-venezuela\/","title":{"rendered":"ALCALDE DI MARTINO: \u201cPara su aniversario 500, Maracaibo ser\u00e1 la primera ciudad de Venezuela\u201d"},"content":{"rendered":"\n<p><strong>ENTRE TORMENTAS. <\/strong>\u201cDentro de cuatro a\u00f1os tendremos que entregar una ciudad humanista, progresista, vivible y para todos. El compromiso es grande, y cuando cumplamos 500 a\u00f1os, Maracaibo ser\u00e1 la primera ciudad de Venezuela\u201d, expres\u00f3 el Alcalde Bolivariano Giancarlo Di Martino durante su intervenci\u00f3n en la sesi\u00f3n solemne celebrada en el Teatro Baralt por el 496\u00b0 aniversario de la ciudad.<\/p>\n\n\n\n<figure class=\"wp-block-image size-large\"><img fetchpriority=\"high\" decoding=\"async\" width=\"1024\" height=\"682\" src=\"https:\/\/entretormentas.com\/wp-content\/uploads\/2025\/09\/marafiesta2-1024x682.jpeg\" alt=\"\" class=\"wp-image-21574\" srcset=\"https:\/\/entretormentas.com\/wp-content\/uploads\/2025\/09\/marafiesta2-1024x682.jpeg 1024w, https:\/\/entretormentas.com\/wp-content\/uploads\/2025\/09\/marafiesta2-300x200.jpeg 300w, https:\/\/entretormentas.com\/wp-content\/uploads\/2025\/09\/marafiesta2-768x511.jpeg 768w, https:\/\/entretormentas.com\/wp-content\/uploads\/2025\/09\/marafiesta2.jpeg 1080w\" sizes=\"(max-width: 1024px) 100vw, 1024px\" \/><\/figure>\n\n\n\n<p>El acto fue presidido por el alcalde Di Martino y la presidenta del Concejo Municipal, Jessy Gasc\u00f3n Solano. En su discurso, Di Martino destac\u00f3 que su gesti\u00f3n, que cumple apenas un mes, est\u00e1 enfocada en avanzar con fuerza y consolidar un gobierno orientado a la gente.<\/p>\n\n\n\n<figure class=\"wp-block-image size-large\"><img decoding=\"async\" width=\"1024\" height=\"768\" src=\"https:\/\/entretormentas.com\/wp-content\/uploads\/2025\/09\/marafiesta5-1024x768.jpeg\" alt=\"\" class=\"wp-image-21577\" srcset=\"https:\/\/entretormentas.com\/wp-content\/uploads\/2025\/09\/marafiesta5-1024x768.jpeg 1024w, https:\/\/entretormentas.com\/wp-content\/uploads\/2025\/09\/marafiesta5-300x225.jpeg 300w, https:\/\/entretormentas.com\/wp-content\/uploads\/2025\/09\/marafiesta5-768x576.jpeg 768w, https:\/\/entretormentas.com\/wp-content\/uploads\/2025\/09\/marafiesta5.jpeg 1280w\" sizes=\"(max-width: 1024px) 100vw, 1024px\" \/><\/figure>\n\n\n\n<p>\u201cNo retrocedemos. Queremos avanzar y avanzar con fuerza, gobernando en funci\u00f3n de la gente y de la Patria, como nos ense\u00f1\u00f3 el comandante eterno Hugo Ch\u00e1vez\u201d, subray\u00f3 Di Martino, reafirmando su compromiso de convertir a Maracaibo en un modelo de desarrollo de cara a su quincuag\u00e9simo centenario.<\/p>\n\n\n\n<p>Durante la sesi\u00f3n se entreg\u00f3 la Orden Ciudad de Maracaibo a personalidades e instituciones que han dejado huella en la ciudad. Entre los homenajeados hab\u00eda figuras del \u00e1mbito cultural, deportivo, religioso y social, as\u00ed como organizaciones comprometidas con el bienestar colectivo.<\/p>\n\n\n\n<figure class=\"wp-block-image size-large\"><img decoding=\"async\" width=\"1024\" height=\"683\" src=\"https:\/\/entretormentas.com\/wp-content\/uploads\/2025\/09\/marafiesta3-1024x683.jpeg\" alt=\"\" class=\"wp-image-21575\" srcset=\"https:\/\/entretormentas.com\/wp-content\/uploads\/2025\/09\/marafiesta3-1024x683.jpeg 1024w, https:\/\/entretormentas.com\/wp-content\/uploads\/2025\/09\/marafiesta3-300x200.jpeg 300w, https:\/\/entretormentas.com\/wp-content\/uploads\/2025\/09\/marafiesta3-768x512.jpeg 768w, https:\/\/entretormentas.com\/wp-content\/uploads\/2025\/09\/marafiesta3.jpeg 1080w\" sizes=\"(max-width: 1024px) 100vw, 1024px\" \/><\/figure>\n\n\n\n<p><strong>RESCATAR LA MEMORIA HIST\u00d3RICA<\/strong><br>Jessy Gasc\u00f3n, por su parte, destac\u00f3 la importancia de rescatar la memoria hist\u00f3rica y la multiculturalidad de Maracaibo. \u201cHoy conmemoramos a Nigale, reconocemos a nuestros pueblos a\u00f1\u00fa y wayuu, celebramos la gaita, la yomna y el chimbanguele. Celebramos una Maracaibo donde todos y todas somos visibles\u201d, afirm\u00f3.<\/p>\n\n\n\n<p>La presidenta del Concejo Municipal hizo un llamado a respaldar la convocatoria del presidente Nicol\u00e1s Maduro en defensa de la paz y la soberan\u00eda de Venezuela. \u201cEl pueblo de Maracaibo estar\u00e1 firme en la defensa de su historia, su cultura y su patria\u201d, concluy\u00f3.<\/p>\n\n\n\n<p><strong>PBRO. NEDWARD ANDRADE FUE EL ORADOR DE ORDEN<\/strong><br>El presb\u00edtero Nedward Andrade, p\u00e1rroco de la Bas\u00edlica de Chiquinquir\u00e1, elev\u00f3 a Dios la acci\u00f3n de gracias por este 496 aniversario de su ciudad natal.<\/p>\n\n\n\n<figure class=\"wp-block-image size-full\"><img loading=\"lazy\" decoding=\"async\" width=\"700\" height=\"467\" src=\"https:\/\/entretormentas.com\/wp-content\/uploads\/2025\/09\/marafiesta4.jpeg\" alt=\"\" class=\"wp-image-21576\" srcset=\"https:\/\/entretormentas.com\/wp-content\/uploads\/2025\/09\/marafiesta4.jpeg 700w, https:\/\/entretormentas.com\/wp-content\/uploads\/2025\/09\/marafiesta4-300x200.jpeg 300w\" sizes=\"(max-width: 700px) 100vw, 700px\" \/><\/figure>\n\n\n\n<p>Andrade resalt\u00f3 hizo un llamado a cimentar las acciones en el amor, la paz y la unidad, no desde el punto de vista abstracto sino \u00aba fuerzas poderosas que transforman la realidad\u00bb.<\/p>\n\n\n\n<p>El sacerdote habl\u00f3 de las palabras del papa Francisco, enlazadas con estos tiempos de incertidumbre y de divisi\u00f3n, quien incentiv\u00f3 la cultura del encuentro. La lecci\u00f3n ecum\u00e9nica de Francisco es la de colocar esta condici\u00f3n por encima en importancia del conocimiento, porque crea lazos y siembra la esperanza.<\/p>\n\n\n\n<p>Andrade expres\u00f3 al final de su discurso que en los ciudadanos reside la esperanza que Maracaibo se convierta en la primera ciudad de Venezuela.<br><strong><em>ET \/ Prensa Alcald\u00eda de Maracaibo<\/em><\/strong><\/p>\n\n\n\n<p><\/p>\n","protected":false},"excerpt":{"rendered":"<p>ENTRE TORMENTAS. \u201cDentro de cuatro a\u00f1os tendremos que entregar una ciudad humanista, progresista, vivible y&#8230;<\/p>\n","protected":false},"author":2,"featured_media":21578,"comment_status":"closed","ping_status":"open","sticky":false,"template":"","format":"standard","meta":{"footnotes":""},"categories":[57,1],"tags":[],"class_list":["post-21573","post","type-post","status-publish","format-standard","has-post-thumbnail","hentry","category-actualidad","category-regionales"],"_links":{"self":[{"href":"https:\/\/entretormentas.com\/index.php?rest_route=\/wp\/v2\/posts\/21573","targetHints":{"allow":["GET"]}}],"collection":[{"href":"https:\/\/entretormentas.com\/index.php?rest_route=\/wp\/v2\/posts"}],"about":[{"href":"https:\/\/entretormentas.com\/index.php?rest_route=\/wp\/v2\/types\/post"}],"author":[{"embeddable":true,"href":"https:\/\/entretormentas.com\/index.php?rest_route=\/wp\/v2\/users\/2"}],"replies":[{"embeddable":true,"href":"https:\/\/entretormentas.com\/index.php?rest_route=%2Fwp%2Fv2%2Fcomments&post=21573"}],"version-history":[{"count":1,"href":"https:\/\/entretormentas.com\/index.php?rest_route=\/wp\/v2\/posts\/21573\/revisions"}],"predecessor-version":[{"id":21579,"href":"https:\/\/entretormentas.com\/index.php?rest_route=\/wp\/v2\/posts\/21573\/revisions\/21579"}],"wp:featuredmedia":[{"embeddable":true,"href":"https:\/\/entretormentas.com\/index.php?rest_route=\/wp\/v2\/media\/21578"}],"wp:attachment":[{"href":"https:\/\/entretormentas.com\/index.php?rest_route=%2Fwp%2Fv2%2Fmedia&parent=21573"}],"wp:term":[{"taxonomy":"category","embeddable":true,"href":"https:\/\/entretormentas.com\/index.php?rest_route=%2Fwp%2Fv2%2Fcategories&post=21573"},{"taxonomy":"post_tag","embeddable":true,"href":"https:\/\/entretormentas.com\/index.php?rest_route=%2Fwp%2Fv2%2Ftags&post=21573"}],"curies":[{"name":"wp","href":"https:\/\/api.w.org\/{rel}","templated":true}]}}