{"id":21580,"date":"2025-09-09T04:01:08","date_gmt":"2025-09-09T08:01:08","guid":{"rendered":"https:\/\/entretormentas.com\/?p=21580"},"modified":"2025-09-09T04:01:08","modified_gmt":"2025-09-09T08:01:08","slug":"prevencion-alcalde-soto-despliega-equipo-para-limpieza-de-canadas-en-san-francisco","status":"publish","type":"post","link":"https:\/\/entretormentas.com\/prevencion-alcalde-soto-despliega-equipo-para-limpieza-de-canadas-en-san-francisco\/","title":{"rendered":"\u00a1PREVENCI\u00d3N! Alcalde Soto despliega equipo para limpieza de ca\u00f1adas en San Francisco"},"content":{"rendered":"\n<p><strong>ENTRE TORMENTAS.<\/strong> Ante las intensas precipitaciones registradas en los \u00faltimos d\u00edas y en cumplimiento de las instrucciones del Presidente Nicol\u00e1s Maduro, as\u00ed como del despliegue del Comit\u00e9 de Monitoreo de Afectaci\u00f3n por las lluvias en el estado Zulia, instruido por el Gobernador Luis Caldera, el Alcalde de San Francisco, H\u00e9ctor Soto, despleg\u00f3 un equipo para ejecutar labores de saneamiento en las quebradas intermitentes (ca\u00f1adas) de la localidad sure\u00f1a.<\/p>\n\n\n\n<p>Con el apoyo de maquinaria pesada, el equipo encabezado por el Instituto P\u00fablico Municipal de Ambiente y Aseo Urbano (Imasur) inici\u00f3 la limpieza de la ca\u00f1ada Da Silva, en el tramo que desemboca en la avenida 5 de San Francisco, parroquia San Francisco. Esta ca\u00f1ada no hab\u00eda sido intervenida por la gesti\u00f3n anterior y se encontraba en riesgo de colapsar debido a la acumulaci\u00f3n de desechos s\u00f3lidos y escombros.<\/p>\n\n\n\n<figure class=\"wp-block-image size-large\"><img fetchpriority=\"high\" decoding=\"async\" width=\"1024\" height=\"682\" src=\"https:\/\/entretormentas.com\/wp-content\/uploads\/2025\/09\/canasur2-1024x682.jpeg\" alt=\"\" class=\"wp-image-21581\" srcset=\"https:\/\/entretormentas.com\/wp-content\/uploads\/2025\/09\/canasur2-1024x682.jpeg 1024w, https:\/\/entretormentas.com\/wp-content\/uploads\/2025\/09\/canasur2-300x200.jpeg 300w, https:\/\/entretormentas.com\/wp-content\/uploads\/2025\/09\/canasur2-768x512.jpeg 768w, https:\/\/entretormentas.com\/wp-content\/uploads\/2025\/09\/canasur2.jpeg 1280w\" sizes=\"(max-width: 1024px) 100vw, 1024px\" \/><\/figure>\n\n\n\n<p>El plan de limpieza contempla adem\u00e1s la intervenci\u00f3n de la ca\u00f1ada La 9, ubicada en el sector 24 de Julio, parroquia Jos\u00e9 Domingo Rus, y de la ca\u00f1ada Jaj\u00ed, en la parroquia El Bajo. As\u00ed lo inform\u00f3 Jos\u00e9 Gregorio Ca\u00f1izales, responsable de los trabajos de saneamiento.<\/p>\n\n\n\n<p>\u201cCon estas acciones se busca prevenir cualquier situaci\u00f3n que ponga en riesgo la vida de los ciudadanos y sus bienes materiales. Para ello, estaremos trabajando de manera constante por el bienestar de todos y todas\u201d, afirm\u00f3 Ca\u00f1izales, trabajador de Imasur.<\/p>\n\n\n\n<p>De igual manera, la primera autoridad municipal, mantiene en alerta a un equipo multidisciplinario para atender cualquier eventualidad, integrado por el Cuerpo de Bomberos del municipio, Bomberos de Maracaibo, Protecci\u00f3n Civil, Polic\u00eda de San Francisco y la Direcci\u00f3n de Prevenci\u00f3n y Seguridad Ciudadana, quienes se mantienen en permanente monitoreo para garantizar la seguridad y protecci\u00f3n de los sanfranciscanos.<br><strong><em>ET \/ Prensa Alcald\u00eda de San Francisco<\/em><\/strong><\/p>\n\n\n\n<p><\/p>\n","protected":false},"excerpt":{"rendered":"<p>ENTRE TORMENTAS. Ante las intensas precipitaciones registradas en los \u00faltimos d\u00edas y en cumplimiento de&#8230;<\/p>\n","protected":false},"author":2,"featured_media":21582,"comment_status":"closed","ping_status":"open","sticky":false,"template":"","format":"standard","meta":{"footnotes":""},"categories":[57,1],"tags":[],"class_list":["post-21580","post","type-post","status-publish","format-standard","has-post-thumbnail","hentry","category-actualidad","category-regionales"],"_links":{"self":[{"href":"https:\/\/entretormentas.com\/index.php?rest_route=\/wp\/v2\/posts\/21580","targetHints":{"allow":["GET"]}}],"collection":[{"href":"https:\/\/entretormentas.com\/index.php?rest_route=\/wp\/v2\/posts"}],"about":[{"href":"https:\/\/entretormentas.com\/index.php?rest_route=\/wp\/v2\/types\/post"}],"author":[{"embeddable":true,"href":"https:\/\/entretormentas.com\/index.php?rest_route=\/wp\/v2\/users\/2"}],"replies":[{"embeddable":true,"href":"https:\/\/entretormentas.com\/index.php?rest_route=%2Fwp%2Fv2%2Fcomments&post=21580"}],"version-history":[{"count":1,"href":"https:\/\/entretormentas.com\/index.php?rest_route=\/wp\/v2\/posts\/21580\/revisions"}],"predecessor-version":[{"id":21583,"href":"https:\/\/entretormentas.com\/index.php?rest_route=\/wp\/v2\/posts\/21580\/revisions\/21583"}],"wp:featuredmedia":[{"embeddable":true,"href":"https:\/\/entretormentas.com\/index.php?rest_route=\/wp\/v2\/media\/21582"}],"wp:attachment":[{"href":"https:\/\/entretormentas.com\/index.php?rest_route=%2Fwp%2Fv2%2Fmedia&parent=21580"}],"wp:term":[{"taxonomy":"category","embeddable":true,"href":"https:\/\/entretormentas.com\/index.php?rest_route=%2Fwp%2Fv2%2Fcategories&post=21580"},{"taxonomy":"post_tag","embeddable":true,"href":"https:\/\/entretormentas.com\/index.php?rest_route=%2Fwp%2Fv2%2Ftags&post=21580"}],"curies":[{"name":"wp","href":"https:\/\/api.w.org\/{rel}","templated":true}]}}