{"id":21592,"date":"2025-09-09T04:22:15","date_gmt":"2025-09-09T08:22:15","guid":{"rendered":"https:\/\/entretormentas.com\/?p=21592"},"modified":"2025-09-09T04:22:16","modified_gmt":"2025-09-09T08:22:16","slug":"en-guanare-gobernador-caldera-acompana-celebracion-de-los-373-anos-de-la-virgen-de-coromoto","status":"publish","type":"post","link":"https:\/\/entretormentas.com\/en-guanare-gobernador-caldera-acompana-celebracion-de-los-373-anos-de-la-virgen-de-coromoto\/","title":{"rendered":"\u00a1EN GUANARE! Gobernador Caldera acompa\u00f1a celebraci\u00f3n de los 373 a\u00f1os de la Virgen de Coromoto"},"content":{"rendered":"\n<p><strong>ENTRE TORMENTAS.<\/strong> \u201cVenimos desde el occidente, desde la tierra de la Chinita, del Lago de Maracaibo, a rendir honores a la Patrona de Venezuela Nuestra Se\u00f1ora de Coromoto\u201d, expres\u00f3 el Gobernador del estado Zulia, Luis Caldera, desde el templo mariano ubicado en Guanare, estado Portuguesa, en la celebraci\u00f3n de los 373 a\u00f1os de la aparici\u00f3n y los 73 de la coronaci\u00f3n de la Virgen.<\/p>\n\n\n\n<figure class=\"wp-block-image size-large\"><img fetchpriority=\"high\" decoding=\"async\" width=\"1024\" height=\"768\" src=\"https:\/\/entretormentas.com\/wp-content\/uploads\/2025\/09\/coromoto2-1024x768.jpeg\" alt=\"\" class=\"wp-image-21593\" srcset=\"https:\/\/entretormentas.com\/wp-content\/uploads\/2025\/09\/coromoto2-1024x768.jpeg 1024w, https:\/\/entretormentas.com\/wp-content\/uploads\/2025\/09\/coromoto2-300x225.jpeg 300w, https:\/\/entretormentas.com\/wp-content\/uploads\/2025\/09\/coromoto2-768x576.jpeg 768w, https:\/\/entretormentas.com\/wp-content\/uploads\/2025\/09\/coromoto2.jpeg 1280w\" sizes=\"(max-width: 1024px) 100vw, 1024px\" \/><\/figure>\n\n\n\n<p>Junto a su par del estado portuguese\u00f1o, Primitivo Cede\u00f1o, el mandatario zuliano destac\u00f3 la religiosidad popular y la fe de un pueblo que persevera en sus convicciones y que, puntualiz\u00f3, \u201cdefiende el derecho a la paz en oraciones y en plegaria, defendiendo su cultura y el derecho que tienen los venezolanos a expresarse libremente\u201d.<\/p>\n\n\n\n<p>Expres\u00f3 que los venezolanos est\u00e1n resteados con la paz, con el encuentro, con la diversidad cultural, con el respeto, con el derecho internacional que el gobierno constitucional del presidente Nicol\u00e1s Maduro lideriza.<\/p>\n\n\n\n<figure class=\"wp-block-image size-large\"><img decoding=\"async\" width=\"1024\" height=\"768\" src=\"https:\/\/entretormentas.com\/wp-content\/uploads\/2025\/09\/coromoto4-1024x768.jpeg\" alt=\"\" class=\"wp-image-21594\" srcset=\"https:\/\/entretormentas.com\/wp-content\/uploads\/2025\/09\/coromoto4-1024x768.jpeg 1024w, https:\/\/entretormentas.com\/wp-content\/uploads\/2025\/09\/coromoto4-300x225.jpeg 300w, https:\/\/entretormentas.com\/wp-content\/uploads\/2025\/09\/coromoto4-768x576.jpeg 768w, https:\/\/entretormentas.com\/wp-content\/uploads\/2025\/09\/coromoto4.jpeg 1280w\" sizes=\"(max-width: 1024px) 100vw, 1024px\" \/><\/figure>\n\n\n\n<p>\u201cReafirmamos la paz desde Guanare para el oriente venezolano, donde este 8 de septiembre donde estamos celebrando la Virgen del Valle. En nuestras aguas, en nuestros mares tambi\u00e9n defendemos la paz\u201d, reafirm\u00f3 al felicitar a su hom\u00f3logo gobernador Cede\u00f1o y a alcaldes y alcaldesas, por el trabajo en la dignificaci\u00f3n del pueblo.<\/p>\n\n\n\n<p>El gobernador de Portuguesa destac\u00f3 la visita y acompa\u00f1amiento de Caldera y destac\u00f3 que juntos compartieron la misa solemne, donde pidieron por la paz del pueblo venezolano, para seguir siendo un pa\u00eds devoto y le d\u00e9 \u201csind\u00e9resis y la inteligencia necesaria a los que gobiernan para definitivamente garantizar la paz del planeta\u201d.<br><strong><em>ET \/ Nota de Prensa<\/em><\/strong><\/p>\n","protected":false},"excerpt":{"rendered":"<p>ENTRE TORMENTAS. \u201cVenimos desde el occidente, desde la tierra de la Chinita, del Lago de&#8230;<\/p>\n","protected":false},"author":2,"featured_media":21595,"comment_status":"closed","ping_status":"open","sticky":false,"template":"","format":"standard","meta":{"footnotes":""},"categories":[57,1],"tags":[],"class_list":["post-21592","post","type-post","status-publish","format-standard","has-post-thumbnail","hentry","category-actualidad","category-regionales"],"_links":{"self":[{"href":"https:\/\/entretormentas.com\/index.php?rest_route=\/wp\/v2\/posts\/21592","targetHints":{"allow":["GET"]}}],"collection":[{"href":"https:\/\/entretormentas.com\/index.php?rest_route=\/wp\/v2\/posts"}],"about":[{"href":"https:\/\/entretormentas.com\/index.php?rest_route=\/wp\/v2\/types\/post"}],"author":[{"embeddable":true,"href":"https:\/\/entretormentas.com\/index.php?rest_route=\/wp\/v2\/users\/2"}],"replies":[{"embeddable":true,"href":"https:\/\/entretormentas.com\/index.php?rest_route=%2Fwp%2Fv2%2Fcomments&post=21592"}],"version-history":[{"count":1,"href":"https:\/\/entretormentas.com\/index.php?rest_route=\/wp\/v2\/posts\/21592\/revisions"}],"predecessor-version":[{"id":21596,"href":"https:\/\/entretormentas.com\/index.php?rest_route=\/wp\/v2\/posts\/21592\/revisions\/21596"}],"wp:featuredmedia":[{"embeddable":true,"href":"https:\/\/entretormentas.com\/index.php?rest_route=\/wp\/v2\/media\/21595"}],"wp:attachment":[{"href":"https:\/\/entretormentas.com\/index.php?rest_route=%2Fwp%2Fv2%2Fmedia&parent=21592"}],"wp:term":[{"taxonomy":"category","embeddable":true,"href":"https:\/\/entretormentas.com\/index.php?rest_route=%2Fwp%2Fv2%2Fcategories&post=21592"},{"taxonomy":"post_tag","embeddable":true,"href":"https:\/\/entretormentas.com\/index.php?rest_route=%2Fwp%2Fv2%2Ftags&post=21592"}],"curies":[{"name":"wp","href":"https:\/\/api.w.org\/{rel}","templated":true}]}}