{"id":21600,"date":"2025-09-09T04:30:06","date_gmt":"2025-09-09T08:30:06","guid":{"rendered":"https:\/\/entretormentas.com\/?p=21600"},"modified":"2025-09-09T04:30:06","modified_gmt":"2025-09-09T08:30:06","slug":"delcy-rodriguez-tienen-problema-de-ubicacion-y-de-gps-tienen-que-calibrar-e-irse-al-pacifico","status":"publish","type":"post","link":"https:\/\/entretormentas.com\/delcy-rodriguez-tienen-problema-de-ubicacion-y-de-gps-tienen-que-calibrar-e-irse-al-pacifico\/","title":{"rendered":"DELCY RODR\u00cdGUEZ: \u00abTienen problema de ubicaci\u00f3n y de GPS, tienen que calibrar e irse al Pac\u00edfico\u00bb"},"content":{"rendered":"\n<p><strong>ENTRE TORMENTAS.<\/strong> Este lunes, la vicepresidenta de la Rep\u00fablica, Delcy Rodr\u00edguez, present\u00f3 argumentos recabados de las propias agencias de los Estados Unidos para el control de drogas, que rebaten la narrativa impulsada por este pa\u00eds y que busca justificar una agresi\u00f3n a la soberan\u00eda de Venezuela.<\/p>\n\n\n\n<p>\u00abUna de las peores mentiras, falsarias, patra\u00f1as que se ha vertido sobre Venezuela, es pretender decir que Venezuela es un pa\u00eds de narcoterroristas y que en el Gobierno son narco terroristas\u00bb, dijo Rodr\u00edguez al recordar que durante los \u00faltimos 27 a\u00f1os el pa\u00eds \u00aben su categor\u00eda internacional no es un pa\u00eds relevante en materia de narcotr\u00e1fico ni de los delitos vinculados al mismo\u00bb.<\/p>\n\n\n\n<p>Al exponer datos conocidos sobre las rutas de los narc\u00f3ticos, en los que se imprime que solo el 5% del trasiego de sustancias il\u00edcitas se ha intentado introducir por territorio venezolano, y de esa cifra \u00abVenezuela tiene un alcance de 70% de incautaci\u00f3n y destrucci\u00f3n\u00bb, Rodr\u00edguez se\u00f1al\u00f3 que la ruta de la coca\u00edna en un 87% sale de Colombia y Ecuador con rumbo a Estados Unidos.<\/p>\n\n\n\n<p>Con este argumento, dijo, que Estados Unidos \u00abtiene que calibrar el GPS e irse al Pac\u00edfico si no quieren que llegue la coca\u00edna\u00bb a sus calles.<\/p>\n\n\n\n<figure class=\"wp-block-image size-large\"><img fetchpriority=\"high\" decoding=\"async\" width=\"1024\" height=\"576\" src=\"https:\/\/entretormentas.com\/wp-content\/uploads\/2025\/09\/dd2-1024x576.jpeg\" alt=\"\" class=\"wp-image-21601\" srcset=\"https:\/\/entretormentas.com\/wp-content\/uploads\/2025\/09\/dd2-1024x576.jpeg 1024w, https:\/\/entretormentas.com\/wp-content\/uploads\/2025\/09\/dd2-300x169.jpeg 300w, https:\/\/entretormentas.com\/wp-content\/uploads\/2025\/09\/dd2-768x432.jpeg 768w, https:\/\/entretormentas.com\/wp-content\/uploads\/2025\/09\/dd2.jpeg 1280w\" sizes=\"(max-width: 1024px) 100vw, 1024px\" \/><\/figure>\n\n\n\n<p><strong>V\u00cdA AL PAC\u00cdFICO<\/strong><br>\u00abSi tuviese alguna cabida de actividad internacional coordinada con pa\u00edses involucrados, en realidad la concentraci\u00f3n (militar) deber\u00eda estar en el Pac\u00edfico. Si es que de verdad quisieran que esa droga no llegue a los Estados Unidos de Norteam\u00e9rica, si es que es la verdadera intenci\u00f3n frenar el ingreso de coca\u00edna de ese pa\u00eds que padece un terrible problema de salud p\u00fablica\u00bb.<\/p>\n\n\n\n<p>\u00abTienen un problema de ubicaci\u00f3n, de GPS. Est\u00e1n donde no deber\u00edan estar\u00bb, insisti\u00f3 la alta funcionaria, durante una rueda de prensa en la que tambi\u00e9n destac\u00f3 los datos emanados del Informe de la Organizaci\u00f3n Mundial de Aduanas (OMA), que pone el foco en el principal pa\u00eds exportador de coca\u00edna en el mundo.<\/p>\n\n\n\n<p>\u00abNo es Venezuela, es Ecuador. Marco Rubio estuvo hace pocos d\u00edas en Ecuador, no s\u00e9 si fue a revisar sus negocios o qu\u00e9 fue a hacer all\u00e1\u00bb, dijo.<\/p>\n\n\n\n<p>En este punto particular, destac\u00f3 el hecho de que el presidente de Ecuador, Daniel Noboa, ha reconocido que por su pa\u00eds pasa el 70 % de la coca\u00edna mundial. \u00ab\u00c9l es socio de una de las empresas bananeras que transporta coca\u00edna para Estados Unidos y para Europa, igualito a la historia (del expresidente de Colombia) \u00c1lvaro Uribe V\u00e9lez\u00bb, asever\u00f3.<br><strong><em>ET \/ Globovisi\u00f3n<\/em><\/strong><\/p>\n\n\n\n<p><\/p>\n","protected":false},"excerpt":{"rendered":"<p>ENTRE TORMENTAS. Este lunes, la vicepresidenta de la Rep\u00fablica, Delcy Rodr\u00edguez, present\u00f3 argumentos recabados de&#8230;<\/p>\n","protected":false},"author":2,"featured_media":21602,"comment_status":"closed","ping_status":"open","sticky":false,"template":"","format":"standard","meta":{"footnotes":""},"categories":[56,49],"tags":[],"class_list":["post-21600","post","type-post","status-publish","format-standard","has-post-thumbnail","hentry","category-destacadas","category-nacionales"],"_links":{"self":[{"href":"https:\/\/entretormentas.com\/index.php?rest_route=\/wp\/v2\/posts\/21600","targetHints":{"allow":["GET"]}}],"collection":[{"href":"https:\/\/entretormentas.com\/index.php?rest_route=\/wp\/v2\/posts"}],"about":[{"href":"https:\/\/entretormentas.com\/index.php?rest_route=\/wp\/v2\/types\/post"}],"author":[{"embeddable":true,"href":"https:\/\/entretormentas.com\/index.php?rest_route=\/wp\/v2\/users\/2"}],"replies":[{"embeddable":true,"href":"https:\/\/entretormentas.com\/index.php?rest_route=%2Fwp%2Fv2%2Fcomments&post=21600"}],"version-history":[{"count":1,"href":"https:\/\/entretormentas.com\/index.php?rest_route=\/wp\/v2\/posts\/21600\/revisions"}],"predecessor-version":[{"id":21603,"href":"https:\/\/entretormentas.com\/index.php?rest_route=\/wp\/v2\/posts\/21600\/revisions\/21603"}],"wp:featuredmedia":[{"embeddable":true,"href":"https:\/\/entretormentas.com\/index.php?rest_route=\/wp\/v2\/media\/21602"}],"wp:attachment":[{"href":"https:\/\/entretormentas.com\/index.php?rest_route=%2Fwp%2Fv2%2Fmedia&parent=21600"}],"wp:term":[{"taxonomy":"category","embeddable":true,"href":"https:\/\/entretormentas.com\/index.php?rest_route=%2Fwp%2Fv2%2Fcategories&post=21600"},{"taxonomy":"post_tag","embeddable":true,"href":"https:\/\/entretormentas.com\/index.php?rest_route=%2Fwp%2Fv2%2Ftags&post=21600"}],"curies":[{"name":"wp","href":"https:\/\/api.w.org\/{rel}","templated":true}]}}