{"id":21614,"date":"2025-09-10T04:26:17","date_gmt":"2025-09-10T08:26:17","guid":{"rendered":"https:\/\/entretormentas.com\/?p=21614"},"modified":"2025-09-10T04:26:17","modified_gmt":"2025-09-10T08:26:17","slug":"conciencia-y-educacion-secretaria-de-salud-del-estado-zulia-realiza-conversatorio-sobre-la-fibrosis-quistica","status":"publish","type":"post","link":"https:\/\/entretormentas.com\/conciencia-y-educacion-secretaria-de-salud-del-estado-zulia-realiza-conversatorio-sobre-la-fibrosis-quistica\/","title":{"rendered":"\u00a1CONCIENCIA Y EDUCACI\u00d3N! Secretar\u00eda de Salud del estado Zulia realiza conversatorio sobre la fibrosis qu\u00edstica"},"content":{"rendered":"\n<p><strong>ENTRE TORMENTAS.<\/strong> El auditorio de la Fundaci\u00f3n Hospital de Especialidades Pedi\u00e1tricas de Maracaibo fue escenario de un conversatorio orientado a la concienciaci\u00f3n y educaci\u00f3n sobre la fibrosis qu\u00edstica, enfermedad gen\u00e9tica, cr\u00f3nica y progresiva que impacta la vida de miles de pacientes en el mundo.<\/p>\n\n\n\n<p>Con el lema \u201cT\u00fa respiras sin pensar, yo no pienso m\u00e1s que en respirar\u201d, m\u00e9dicos especialistas de la Direcci\u00f3n de Programas de la Secretar\u00eda de Salud de la Gobernaci\u00f3n del Zulia, junto a pacientes y familiares participaron en una jornada que busc\u00f3 promover el conocimiento sobre la fibrosis qu\u00edstica, resaltando la importancia del diagn\u00f3stico temprano y la atenci\u00f3n integral.<\/p>\n\n\n\n<p>La especialista en gastroenterolog\u00eda, Ana Nucette, perteneciente al Programa de Fibrosis Qu\u00edstica, se\u00f1al\u00f3 que lo m\u00e1s importante es el diagn\u00f3stico oportuno; mientras que la neumon\u00f3loga del mismo programa de la Secretar\u00eda de Salud del Zulia, Ilda Salcedo, subray\u00f3 la relevancia de visibilizar a los pacientes con fibrosis qu\u00edstica para que puedan recibir atenci\u00f3n especializada, incluyendo la respiratoria y digestiva.<\/p>\n\n\n\n<figure class=\"wp-block-image size-large\"><img fetchpriority=\"high\" decoding=\"async\" width=\"1024\" height=\"576\" src=\"https:\/\/entretormentas.com\/wp-content\/uploads\/2025\/09\/sisi2-1024x576.jpeg\" alt=\"\" class=\"wp-image-21615\" srcset=\"https:\/\/entretormentas.com\/wp-content\/uploads\/2025\/09\/sisi2-1024x576.jpeg 1024w, https:\/\/entretormentas.com\/wp-content\/uploads\/2025\/09\/sisi2-300x169.jpeg 300w, https:\/\/entretormentas.com\/wp-content\/uploads\/2025\/09\/sisi2-768x432.jpeg 768w, https:\/\/entretormentas.com\/wp-content\/uploads\/2025\/09\/sisi2.jpeg 1080w\" sizes=\"(max-width: 1024px) 100vw, 1024px\" \/><\/figure>\n\n\n\n<p>La fibrosis qu\u00edstica es una enfermedad hereditaria gen\u00e9tica que provoca la producci\u00f3n de moco espeso y pegajoso en varios \u00f3rganos del cuerpo, especialmente en los pulmones, el p\u00e1ncreas y el intestino, causando problemas digestivos, infecciones pulmonares frecuentes y dificultades respiratorias.<\/p>\n\n\n\n<p>El encuentro coordinado por la Secretar\u00eda de Salud, ratifica el compromiso del gobernador Luis Caldera con la atenci\u00f3n m\u00e9dica integral, la investigaci\u00f3n y la divulgaci\u00f3n de informaci\u00f3n, en este caso con la fibrosis qu\u00edstica, promoviendo espacios de formaci\u00f3n y concienciaci\u00f3n que favorezcan la inclusi\u00f3n y el bienestar de los pacientes, como est\u00e1 instruido dentro de las pol\u00edticas sanitarias del Ejecutivo nacional del presidente Nicol\u00e1s Maduro,<\/p>\n\n\n\n<p>La actividad cont\u00f3 con el respaldo de la Fundaci\u00f3n Guerreros Por La Vida, que trabaja en la sensibilizaci\u00f3n social y el acompa\u00f1amiento a familias que conviven con esta patolog\u00eda, fortaleciendo el apoyo comunitario e institucional.<br><strong><em>ET \/ Nota de Prensa<\/em><\/strong><\/p>\n","protected":false},"excerpt":{"rendered":"<p>ENTRE TORMENTAS. El auditorio de la Fundaci\u00f3n Hospital de Especialidades Pedi\u00e1tricas de Maracaibo fue escenario&#8230;<\/p>\n","protected":false},"author":2,"featured_media":21616,"comment_status":"closed","ping_status":"open","sticky":false,"template":"","format":"standard","meta":{"footnotes":""},"categories":[57,1],"tags":[],"class_list":["post-21614","post","type-post","status-publish","format-standard","has-post-thumbnail","hentry","category-actualidad","category-regionales"],"_links":{"self":[{"href":"https:\/\/entretormentas.com\/index.php?rest_route=\/wp\/v2\/posts\/21614","targetHints":{"allow":["GET"]}}],"collection":[{"href":"https:\/\/entretormentas.com\/index.php?rest_route=\/wp\/v2\/posts"}],"about":[{"href":"https:\/\/entretormentas.com\/index.php?rest_route=\/wp\/v2\/types\/post"}],"author":[{"embeddable":true,"href":"https:\/\/entretormentas.com\/index.php?rest_route=\/wp\/v2\/users\/2"}],"replies":[{"embeddable":true,"href":"https:\/\/entretormentas.com\/index.php?rest_route=%2Fwp%2Fv2%2Fcomments&post=21614"}],"version-history":[{"count":1,"href":"https:\/\/entretormentas.com\/index.php?rest_route=\/wp\/v2\/posts\/21614\/revisions"}],"predecessor-version":[{"id":21617,"href":"https:\/\/entretormentas.com\/index.php?rest_route=\/wp\/v2\/posts\/21614\/revisions\/21617"}],"wp:featuredmedia":[{"embeddable":true,"href":"https:\/\/entretormentas.com\/index.php?rest_route=\/wp\/v2\/media\/21616"}],"wp:attachment":[{"href":"https:\/\/entretormentas.com\/index.php?rest_route=%2Fwp%2Fv2%2Fmedia&parent=21614"}],"wp:term":[{"taxonomy":"category","embeddable":true,"href":"https:\/\/entretormentas.com\/index.php?rest_route=%2Fwp%2Fv2%2Fcategories&post=21614"},{"taxonomy":"post_tag","embeddable":true,"href":"https:\/\/entretormentas.com\/index.php?rest_route=%2Fwp%2Fv2%2Ftags&post=21614"}],"curies":[{"name":"wp","href":"https:\/\/api.w.org\/{rel}","templated":true}]}}