{"id":21618,"date":"2025-09-10T04:29:17","date_gmt":"2025-09-10T08:29:17","guid":{"rendered":"https:\/\/entretormentas.com\/?p=21618"},"modified":"2025-09-10T04:29:17","modified_gmt":"2025-09-10T08:29:17","slug":"alcaldia-activa-francisco-se-organiza-para-despliegue-del-programa-bansur","status":"publish","type":"post","link":"https:\/\/entretormentas.com\/alcaldia-activa-francisco-se-organiza-para-despliegue-del-programa-bansur\/","title":{"rendered":"\u00a1ALCALD\u00cdA ACTIVA! Francisco se organiza para despliegue del programa Bansur"},"content":{"rendered":"\n<p><strong>ENTRE TORMENTAS.<\/strong> Desde el auditorio Ch\u00e1vez Vivo de la Alcald\u00eda de San Francisco, se llev\u00f3 a cabo una reuni\u00f3n organizativa con los responsables de los circuitos comunales, enlaces parroquiales y municipales para coordinar el despliegue del programa Banco de Drogas del Sur (Bansur), tal como lo inform\u00f3 el Alcalde H\u00e9ctor Soto.<\/p>\n\n\n\n<p>Durante el encuentro, Anyelina Pirela, Coordinadora de las Farmacias Comunitarias, y enlace del Banco de Drogas del Sur, destac\u00f3 que tras el anuncio del Alcalde Soto de retomar este programa en el municipio, con el apoyo del Gobernador del Zulia, Ing. Luis Caldera, se ha venido trabajando en la organizaci\u00f3n con el Poder Popular para garantizar su correcta ejecuci\u00f3n.<\/p>\n\n\n\n<p>\u201cGracias al esfuerzo del Gobernador Luis Caldera y del alcalde H\u00e9ctor Soto, se retomar\u00e1 este plan, que se prev\u00e9 tenga un car\u00e1cter territorial, de manera que cada Sala de Autogobierno y Consejo Comunal realice la entrega de medicamentos, acercando a\u00fan m\u00e1s los beneficios a pacientes diab\u00e9ticos e hipertensos que los requieran\u201d, expres\u00f3 Pirela.<\/p>\n\n\n\n<figure class=\"wp-block-image size-large\"><img fetchpriority=\"high\" decoding=\"async\" width=\"1024\" height=\"682\" src=\"https:\/\/entretormentas.com\/wp-content\/uploads\/2025\/09\/sursur2-1024x682.jpeg\" alt=\"\" class=\"wp-image-21619\" srcset=\"https:\/\/entretormentas.com\/wp-content\/uploads\/2025\/09\/sursur2-1024x682.jpeg 1024w, https:\/\/entretormentas.com\/wp-content\/uploads\/2025\/09\/sursur2-300x200.jpeg 300w, https:\/\/entretormentas.com\/wp-content\/uploads\/2025\/09\/sursur2-768x512.jpeg 768w, https:\/\/entretormentas.com\/wp-content\/uploads\/2025\/09\/sursur2.jpeg 1280w\" sizes=\"(max-width: 1024px) 100vw, 1024px\" \/><\/figure>\n\n\n\n<p>Como primera acci\u00f3n, en las pr\u00f3ximas semanas se levantar\u00e1 un censo junto a los voceros de salud de los 26 circuitos comunales, de manera articulada con los 504 Consejos Comunales de la localidad, quienes identificar\u00e1n a los beneficiarios en cada comunidad, incluyendo ni\u00f1os, adolescentes, adultos y adultos mayores.<\/p>\n\n\n\n<p>Una vez captados los pacientes, junto a su documentaci\u00f3n (informe m\u00e9dico, receta y copia de la c\u00e9dula de identidad), esta ser\u00e1 entregada al equipo de Bansur, que conformar\u00e1 la base de datos para comenzar la entrega de los medicamentos. Hasta el momento, no se tiene una fecha exacta para el inicio.<\/p>\n\n\n\n<p>La coordinadora de las Farmacias Comunitarias agreg\u00f3 que, en esta oportunidad, el programa incluir\u00e1 a los hermanos y hermanas de las etnias ind\u00edgenas que hacen vida en la localidad, con el objetivo de garantizarles mayor protecci\u00f3n y atenci\u00f3n en materia de salud.<\/p>\n\n\n\n<p>Con esta acci\u00f3n, enmarcada en la 4T del Plan de Transformaci\u00f3n de la Patria, la primera autoridad municipal, en su gesti\u00f3n humanista, espera atender aproximadamente a 50 mil pacientes con patolog\u00edas de diabetes e hipertensi\u00f3n a trav\u00e9s de este programa, que hab\u00eda sido descontinuado por la gesti\u00f3n anterior.<br><strong><em>ET \/ Prensa Alcald\u00eda de San Francisco<\/em><\/strong><\/p>\n","protected":false},"excerpt":{"rendered":"<p>ENTRE TORMENTAS. Desde el auditorio Ch\u00e1vez Vivo de la Alcald\u00eda de San Francisco, se llev\u00f3&#8230;<\/p>\n","protected":false},"author":2,"featured_media":21620,"comment_status":"closed","ping_status":"open","sticky":false,"template":"","format":"standard","meta":{"footnotes":""},"categories":[57,1],"tags":[],"class_list":["post-21618","post","type-post","status-publish","format-standard","has-post-thumbnail","hentry","category-actualidad","category-regionales"],"_links":{"self":[{"href":"https:\/\/entretormentas.com\/index.php?rest_route=\/wp\/v2\/posts\/21618","targetHints":{"allow":["GET"]}}],"collection":[{"href":"https:\/\/entretormentas.com\/index.php?rest_route=\/wp\/v2\/posts"}],"about":[{"href":"https:\/\/entretormentas.com\/index.php?rest_route=\/wp\/v2\/types\/post"}],"author":[{"embeddable":true,"href":"https:\/\/entretormentas.com\/index.php?rest_route=\/wp\/v2\/users\/2"}],"replies":[{"embeddable":true,"href":"https:\/\/entretormentas.com\/index.php?rest_route=%2Fwp%2Fv2%2Fcomments&post=21618"}],"version-history":[{"count":1,"href":"https:\/\/entretormentas.com\/index.php?rest_route=\/wp\/v2\/posts\/21618\/revisions"}],"predecessor-version":[{"id":21621,"href":"https:\/\/entretormentas.com\/index.php?rest_route=\/wp\/v2\/posts\/21618\/revisions\/21621"}],"wp:featuredmedia":[{"embeddable":true,"href":"https:\/\/entretormentas.com\/index.php?rest_route=\/wp\/v2\/media\/21620"}],"wp:attachment":[{"href":"https:\/\/entretormentas.com\/index.php?rest_route=%2Fwp%2Fv2%2Fmedia&parent=21618"}],"wp:term":[{"taxonomy":"category","embeddable":true,"href":"https:\/\/entretormentas.com\/index.php?rest_route=%2Fwp%2Fv2%2Fcategories&post=21618"},{"taxonomy":"post_tag","embeddable":true,"href":"https:\/\/entretormentas.com\/index.php?rest_route=%2Fwp%2Fv2%2Ftags&post=21618"}],"curies":[{"name":"wp","href":"https:\/\/api.w.org\/{rel}","templated":true}]}}