{"id":21631,"date":"2025-09-10T04:40:15","date_gmt":"2025-09-10T08:40:15","guid":{"rendered":"https:\/\/entretormentas.com\/?p=21631"},"modified":"2025-09-10T04:40:16","modified_gmt":"2025-09-10T08:40:16","slug":"en-la-av-libertador-alcaldia-de-maracaibo-libera-tramo-vial-inundado-en-el-casco-central-de-la-ciudad","status":"publish","type":"post","link":"https:\/\/entretormentas.com\/en-la-av-libertador-alcaldia-de-maracaibo-libera-tramo-vial-inundado-en-el-casco-central-de-la-ciudad\/","title":{"rendered":"\u00a1EN LA AV. LIBERTADOR! Alcald\u00eda de Maracaibo libera tramo vial inundado en el casco central de la ciudad"},"content":{"rendered":"\n<p><strong>ENTRE TORMENTAS.<\/strong> La direcci\u00f3n de infraestructura de la Alcald\u00eda de Maracaibo despleg\u00f3 equipos multidisciplinarios en la avenida Libertador para liberar el paso vehicular que estuvo obstaculizado a causa de la inundaci\u00f3n que ocasion\u00f3 el agua de lluvia y la obstrucci\u00f3n de cloacas y tuber\u00edas de aguas servidas en ese punto del casco central de la ciudad.<\/p>\n\n\n\n<p>Para atender la eventualidad el Alcalde Giancarlo Di Martino habilit\u00f3 camiones tipo Vacuum para remover el agua estancada en la v\u00eda del distribuidor Jes\u00fas Enrique Lossada, posteriormente maquinaria pesada retir\u00f3 los desechos s\u00f3lidos acumulados en las tanquillas de aguas servidas y cuadrillas de limpieza sanearon el espacio por donde transitan miles de marabinos diariamente.<\/p>\n\n\n\n<figure class=\"wp-block-image size-large\"><img fetchpriority=\"high\" decoding=\"async\" width=\"1024\" height=\"768\" src=\"https:\/\/entretormentas.com\/wp-content\/uploads\/2025\/09\/avenida2-1024x768.jpeg\" alt=\"\" class=\"wp-image-21632\" srcset=\"https:\/\/entretormentas.com\/wp-content\/uploads\/2025\/09\/avenida2-1024x768.jpeg 1024w, https:\/\/entretormentas.com\/wp-content\/uploads\/2025\/09\/avenida2-300x225.jpeg 300w, https:\/\/entretormentas.com\/wp-content\/uploads\/2025\/09\/avenida2-768x576.jpeg 768w, https:\/\/entretormentas.com\/wp-content\/uploads\/2025\/09\/avenida2.jpeg 1080w\" sizes=\"(max-width: 1024px) 100vw, 1024px\" \/><\/figure>\n\n\n\n<p>El Director de Infraestructura de la Alcald\u00eda de Maracaibo, Giovanny Marzocca, supervis\u00f3 los trabajos de adecuaci\u00f3n y mantenimiento de la red de aguas servidas del tramo abordado para confirmar que el agua fluyera libremente por los drenajes y evitar nuevas inundaciones en la vialidad.<\/p>\n\n\n\n<p>Por su parte, la ciudadan\u00eda que circula y labora en el casco central de Maracaibo agradeci\u00f3 la oportuna y r\u00e1pida atenci\u00f3n del gobierno municipal para liberar este tramo de la avenida y normalizar las actividades cotidianas. En tal sentido Alexander Ochoa usuario de transporte p\u00fablico, expres\u00f3 lo dif\u00edcil que es caminar por este lugar cuando est\u00e1 inundado, los buses no tienen donde estacionarse para recoger pasajeros y nos ensuciamos con el barro, gracias a la Alcald\u00eda por atender el problema\u201d, coment\u00f3.<\/p>\n\n\n\n<figure class=\"wp-block-image size-large\"><img decoding=\"async\" width=\"1024\" height=\"768\" src=\"https:\/\/entretormentas.com\/wp-content\/uploads\/2025\/09\/avenida3-1024x768.jpeg\" alt=\"\" class=\"wp-image-21633\" srcset=\"https:\/\/entretormentas.com\/wp-content\/uploads\/2025\/09\/avenida3-1024x768.jpeg 1024w, https:\/\/entretormentas.com\/wp-content\/uploads\/2025\/09\/avenida3-300x225.jpeg 300w, https:\/\/entretormentas.com\/wp-content\/uploads\/2025\/09\/avenida3-768x576.jpeg 768w, https:\/\/entretormentas.com\/wp-content\/uploads\/2025\/09\/avenida3.jpeg 1080w\" sizes=\"(max-width: 1024px) 100vw, 1024px\" \/><\/figure>\n\n\n\n<p>Asimismo, los comerciantes reconocieron la pertinente labor de los equipos del Alcalde Di Martino. Al respecto Mar\u00eda Cristina Gonz\u00e1lez dijo que la acumulaci\u00f3n de agua de lluvias en la avenida Libertador perjudica la actividad comercial e hizo un llamado a la colectividad para tomar conciencia y no arrojar desperdicios a las alcantarillas.<\/p>\n\n\n\n<p>Igualmente, Yelitza Pirela comerciante del casco central resalt\u00f3 que \u201cla nueva gesti\u00f3n de Di Martino atiende continuamente las actividades diarias en el centro de Maracaibo y estas acciones lo demuestran, en menos de 24 horas nos quitaron la laguna que se form\u00f3 en la avenida y permiti\u00f3 que los carros y la gente circulara libremente\u00bb, puntualiz\u00f3.<br><strong><em>ET \/ Prensa Alcald\u00eda de Maracaibo<\/em><\/strong><\/p>\n","protected":false},"excerpt":{"rendered":"<p>ENTRE TORMENTAS. La direcci\u00f3n de infraestructura de la Alcald\u00eda de Maracaibo despleg\u00f3 equipos multidisciplinarios en&#8230;<\/p>\n","protected":false},"author":2,"featured_media":21634,"comment_status":"closed","ping_status":"open","sticky":false,"template":"","format":"standard","meta":{"footnotes":""},"categories":[57,1],"tags":[],"class_list":["post-21631","post","type-post","status-publish","format-standard","has-post-thumbnail","hentry","category-actualidad","category-regionales"],"_links":{"self":[{"href":"https:\/\/entretormentas.com\/index.php?rest_route=\/wp\/v2\/posts\/21631","targetHints":{"allow":["GET"]}}],"collection":[{"href":"https:\/\/entretormentas.com\/index.php?rest_route=\/wp\/v2\/posts"}],"about":[{"href":"https:\/\/entretormentas.com\/index.php?rest_route=\/wp\/v2\/types\/post"}],"author":[{"embeddable":true,"href":"https:\/\/entretormentas.com\/index.php?rest_route=\/wp\/v2\/users\/2"}],"replies":[{"embeddable":true,"href":"https:\/\/entretormentas.com\/index.php?rest_route=%2Fwp%2Fv2%2Fcomments&post=21631"}],"version-history":[{"count":1,"href":"https:\/\/entretormentas.com\/index.php?rest_route=\/wp\/v2\/posts\/21631\/revisions"}],"predecessor-version":[{"id":21635,"href":"https:\/\/entretormentas.com\/index.php?rest_route=\/wp\/v2\/posts\/21631\/revisions\/21635"}],"wp:featuredmedia":[{"embeddable":true,"href":"https:\/\/entretormentas.com\/index.php?rest_route=\/wp\/v2\/media\/21634"}],"wp:attachment":[{"href":"https:\/\/entretormentas.com\/index.php?rest_route=%2Fwp%2Fv2%2Fmedia&parent=21631"}],"wp:term":[{"taxonomy":"category","embeddable":true,"href":"https:\/\/entretormentas.com\/index.php?rest_route=%2Fwp%2Fv2%2Fcategories&post=21631"},{"taxonomy":"post_tag","embeddable":true,"href":"https:\/\/entretormentas.com\/index.php?rest_route=%2Fwp%2Fv2%2Ftags&post=21631"}],"curies":[{"name":"wp","href":"https:\/\/api.w.org\/{rel}","templated":true}]}}