{"id":21636,"date":"2025-09-10T04:43:33","date_gmt":"2025-09-10T08:43:33","guid":{"rendered":"https:\/\/entretormentas.com\/?p=21636"},"modified":"2025-09-10T04:43:34","modified_gmt":"2025-09-10T08:43:34","slug":"en-maracaibo-alcaldia-e-institutos-tecnologicos-analizan-oportunidades-de-becas-educativas","status":"publish","type":"post","link":"https:\/\/entretormentas.com\/en-maracaibo-alcaldia-e-institutos-tecnologicos-analizan-oportunidades-de-becas-educativas\/","title":{"rendered":"\u00a1EN MARACAIBO! Alcald\u00eda e institutos tecnol\u00f3gicos analizan oportunidades de becas educativas"},"content":{"rendered":"\n<p><strong>ENTRE TORMENTAS.<\/strong> La Alcald\u00eda de Maracaibo, a trav\u00e9s de la Fundaci\u00f3n Municipal de Becas Universitarias Ana Mar\u00eda Campos, sostuvo una reuni\u00f3n con autoridades de institutos tecnol\u00f3gicos privados con el fin de explorar las oportunidades de otorgamiento de becas estudiantiles para los j\u00f3venes del municipio.<\/p>\n\n\n\n<p>Luis Sandino Castro, presidente de la Fundaci\u00f3n Ana Mar\u00eda Campos, dijo que este acercamiento entre la municipalidad y representantes del sector educativo privado busca \u201cfortalecer los v\u00ednculos entre la oferta acad\u00e9mica y las necesidades de la poblaci\u00f3n estudiantil, en el marco de futuras alianzas institucionales\u201d.<\/p>\n\n\n\n<p>\u201cGracias a la voluntad pol\u00edtica del alcalde Giancarlo Di Martino, se ha ordenado la creaci\u00f3n de esta Fundaci\u00f3n con el objetivo de hacer justicia social y cumplir con el fortalecimiento de las siete transformaciones del Plan de la Patria, especialmente en lo que respecta a la recuperaci\u00f3n y el compromiso social con nuestros j\u00f3venes bachilleres\u201d, dijo Sandino Castro.<\/p>\n\n\n\n<p><strong>PROGRAMAS DE FORMACI\u00d3N<\/strong><br>A este encuentro inicial, efectuado en el sal\u00f3n Ud\u00f3n P\u00e9rez del palacio municipal, asistieron representantes del Instituto Universitario de Tecnolog\u00eda UNIR-Readic, Instituto Universitario Juan Pablo P\u00e9rez Alfonzo, Instituto Universitario Antonio Jos\u00e9 de Sucre y el Instituto Universitario de Tecnolog\u00eda Pedro Emilio Coll.<\/p>\n\n\n\n<p>Los directivos de estas instituciones ofrecieron a los representantes de la Alcald\u00eda detalles sobre sus programas de formaci\u00f3n acad\u00e9mica: carreras, cursos especializados, modalidades presenciales y online, turnos y capacidad de atenci\u00f3n a los potenciales nuevos ingresos.<\/p>\n\n\n\n<figure class=\"wp-block-image size-large\"><img fetchpriority=\"high\" decoding=\"async\" width=\"1024\" height=\"768\" src=\"https:\/\/entretormentas.com\/wp-content\/uploads\/2025\/09\/becasdi2-1024x768.jpeg\" alt=\"\" class=\"wp-image-21637\" srcset=\"https:\/\/entretormentas.com\/wp-content\/uploads\/2025\/09\/becasdi2-1024x768.jpeg 1024w, https:\/\/entretormentas.com\/wp-content\/uploads\/2025\/09\/becasdi2-300x225.jpeg 300w, https:\/\/entretormentas.com\/wp-content\/uploads\/2025\/09\/becasdi2-768x576.jpeg 768w, https:\/\/entretormentas.com\/wp-content\/uploads\/2025\/09\/becasdi2.jpeg 1280w\" sizes=\"(max-width: 1024px) 100vw, 1024px\" \/><\/figure>\n\n\n\n<p>Expresaron su compromiso con la inclusi\u00f3n y la formaci\u00f3n t\u00e9cnica de calidad. Dijeron que brindan a los j\u00f3venes la posibilidad de elegir una formaci\u00f3n adaptada a sus intereses, posibilidades y que est\u00e9 orientada hacia los objetivos de desarrollo del municipio.<\/p>\n\n\n\n<p><strong>PROCESO DE CAPTACI\u00d3N<\/strong><br>Por su parte, Lailaina Maldonado, vicepresidenta de la Fundaci\u00f3n Ana Mar\u00eda campos, subray\u00f3 el car\u00e1cter estrat\u00e9gico del encuentro, efectuado \u201cpor instrucciones del alcalde Giancarlo Di Martino, y en sinton\u00eda con las pol\u00edticas del presidente Nicol\u00e1s Maduro y del gobernador Luis Caldera\u201d en materia de educaci\u00f3n para la poblaci\u00f3n zuliana.<\/p>\n\n\n\n<p>\u201cEste primer encuentro nos permite avanzar en la organizaci\u00f3n del proceso de becas para el pr\u00f3ximo semestre, mediante un m\u00e9todo de captaci\u00f3n basado en estudios socioecon\u00f3micos realizados por los consejos y circuitos comunales; todo esto enmarcado en las siete transformaciones\u201d, declar\u00f3 Lailaina Maldonado.<\/p>\n\n\n\n<p><strong>ESFUERZO CONJUNTO<\/strong><br>Mar\u00eda Jos\u00e9 R\u00edos, subdirectora acad\u00e9mica de UNIR-READIC, celebr\u00f3 la iniciativa. \u201cEsta reuni\u00f3n abre un panorama esperanzador para la comunidad estudiantil, especialmente de Maracaibo. En nuestra instituci\u00f3n ofrecemos una variedad de carreras que permiten a los j\u00f3venes acceder a empleos dignos e innovadores en corto tiempo\u201d, dijo la docente.<\/p>\n\n\n\n<p>Enfatiz\u00f3 que \u201ceste esfuerzo conjunto marca el inicio de una nueva etapa en la pol\u00edtica educativa municipal, orientada a garantizar acceso, equidad y justicia social para los j\u00f3venes bachilleres de Maracaibo\u201d.<br><strong><em>ET \/ Prensa Alcald\u00eda de Maracaibo<\/em><\/strong><\/p>\n\n\n\n<p><\/p>\n","protected":false},"excerpt":{"rendered":"<p>ENTRE TORMENTAS. La Alcald\u00eda de Maracaibo, a trav\u00e9s de la Fundaci\u00f3n Municipal de Becas Universitarias&#8230;<\/p>\n","protected":false},"author":2,"featured_media":21638,"comment_status":"closed","ping_status":"open","sticky":false,"template":"","format":"standard","meta":{"footnotes":""},"categories":[57,1],"tags":[],"class_list":["post-21636","post","type-post","status-publish","format-standard","has-post-thumbnail","hentry","category-actualidad","category-regionales"],"_links":{"self":[{"href":"https:\/\/entretormentas.com\/index.php?rest_route=\/wp\/v2\/posts\/21636","targetHints":{"allow":["GET"]}}],"collection":[{"href":"https:\/\/entretormentas.com\/index.php?rest_route=\/wp\/v2\/posts"}],"about":[{"href":"https:\/\/entretormentas.com\/index.php?rest_route=\/wp\/v2\/types\/post"}],"author":[{"embeddable":true,"href":"https:\/\/entretormentas.com\/index.php?rest_route=\/wp\/v2\/users\/2"}],"replies":[{"embeddable":true,"href":"https:\/\/entretormentas.com\/index.php?rest_route=%2Fwp%2Fv2%2Fcomments&post=21636"}],"version-history":[{"count":1,"href":"https:\/\/entretormentas.com\/index.php?rest_route=\/wp\/v2\/posts\/21636\/revisions"}],"predecessor-version":[{"id":21639,"href":"https:\/\/entretormentas.com\/index.php?rest_route=\/wp\/v2\/posts\/21636\/revisions\/21639"}],"wp:featuredmedia":[{"embeddable":true,"href":"https:\/\/entretormentas.com\/index.php?rest_route=\/wp\/v2\/media\/21638"}],"wp:attachment":[{"href":"https:\/\/entretormentas.com\/index.php?rest_route=%2Fwp%2Fv2%2Fmedia&parent=21636"}],"wp:term":[{"taxonomy":"category","embeddable":true,"href":"https:\/\/entretormentas.com\/index.php?rest_route=%2Fwp%2Fv2%2Fcategories&post=21636"},{"taxonomy":"post_tag","embeddable":true,"href":"https:\/\/entretormentas.com\/index.php?rest_route=%2Fwp%2Fv2%2Ftags&post=21636"}],"curies":[{"name":"wp","href":"https:\/\/api.w.org\/{rel}","templated":true}]}}