{"id":21640,"date":"2025-09-10T04:47:04","date_gmt":"2025-09-10T08:47:04","guid":{"rendered":"https:\/\/entretormentas.com\/?p=21640"},"modified":"2025-09-10T04:47:04","modified_gmt":"2025-09-10T08:47:04","slug":"del-7-al-20-de-nov-gobernador-caldera-anuncia-patrocinio-oficial-de-expozulia-2025-en-el-tibisay-del-lago","status":"publish","type":"post","link":"https:\/\/entretormentas.com\/del-7-al-20-de-nov-gobernador-caldera-anuncia-patrocinio-oficial-de-expozulia-2025-en-el-tibisay-del-lago\/","title":{"rendered":"\u00a1DEL 7 AL 20 DE NOV! Gobernador Caldera anuncia patrocinio oficial de Expozulia 2025 en el Tibisay del Lago"},"content":{"rendered":"\n<p><strong>ENTRE TORMENTAS.<\/strong> Desde el 7 hasta el 20 de noviembre, la tradicional vitrina empresarial del occidente del pa\u00eds, Expozulia, la cual se viene realizando a lo largo de 43 a\u00f1os en el marco de la Feria de la Chinita, contar\u00e1 con el patrocinio oficial de la Gobernaci\u00f3n del estado Zulia, fortaleciendo e impulsando el desarrollo productivo, econ\u00f3mico y tur\u00edstico regional.<\/p>\n\n\n\n<p>El anuncio lo hizo el gobernador Luis Caldera junto al presidente de Expozulia, Rafael Gudi\u00f1o; la primera Dama del Zulia, Roselyn L\u00f3pez de Caldera y el secretario de Cultura, Giovanny Villalobos, en las instalaciones del Hotel Tibisay del Lago, espacio donde en nueve mil metros cuadrados se llevar\u00e1 a cabo este evento.<\/p>\n\n\n\n<p>Bajo el lema \u201cJuntos somos m\u00e1s\u201d, el sector privado, alcald\u00edas, emprendedores y c\u00e1maras de comercio del estado, desarrollar\u00e1n esta nueva edici\u00f3n de Expozulia que, refiri\u00f3 el gobernador Caldera, forma parte de la idiosincrasia del zuliano y de la Feria de la Chinita.<\/p>\n\n\n\n<figure class=\"wp-block-image size-large\"><img fetchpriority=\"high\" decoding=\"async\" width=\"1024\" height=\"683\" src=\"https:\/\/entretormentas.com\/wp-content\/uploads\/2025\/09\/expolc2-1024x683.jpeg\" alt=\"\" class=\"wp-image-21641\" srcset=\"https:\/\/entretormentas.com\/wp-content\/uploads\/2025\/09\/expolc2-1024x683.jpeg 1024w, https:\/\/entretormentas.com\/wp-content\/uploads\/2025\/09\/expolc2-300x200.jpeg 300w, https:\/\/entretormentas.com\/wp-content\/uploads\/2025\/09\/expolc2-768x512.jpeg 768w, https:\/\/entretormentas.com\/wp-content\/uploads\/2025\/09\/expolc2.jpeg 1280w\" sizes=\"(max-width: 1024px) 100vw, 1024px\" \/><\/figure>\n\n\n\n<p>El mandatario regional dio a conocer que adem\u00e1s del patrocinio oficial al evento, la Gobernaci\u00f3n patrocinar\u00e1 a 40 emprendedores de forma gratuita, quienes participar\u00e1n en un sorteo coordinado por la Secretar\u00eda de Cultura, dirigido a emprendedores, peque\u00f1os y medianos empresarios, para contribuir en esta nueva etapa del estado Zulia.<\/p>\n\n\n\n<p>\u201cEstas actividades buscan atraer el emprendimiento no solo de los zulianos, sino nacional e internacional, quienes van a tener acceso gratuito con actividades culturales\u201d, expres\u00f3 al enfatizar el apoyo del presidente Nicol\u00e1s Maduro a trav\u00e9s de distintos ministerios e instituciones, bajo el lema de Expozulia \u201cTodos Juntos somos m\u00e1s\u201d.<\/p>\n\n\n\n<p>Manifest\u00f3 en cuanto a la Feria de la Chinita, que ser\u00e1 el Comit\u00e9 de Feria de la Alcald\u00eda de Maracaibo la que anuncie el cronograma y las actividades que realizar\u00e1n en coordinaci\u00f3n con la Arquidi\u00f3cesis de Maracaibo y el p\u00e1rroco rector de la Bas\u00edlica Nuestra Se\u00f1ora de Chiquinquir\u00e1, padre Nedward Andrade, \u201cporque el coraz\u00f3n de la feria es la Chinita y eso queremos resaltarlo en nombre de la Gobernaci\u00f3n del Zulia\u201d.<\/p>\n\n\n\n<p>El presidente de Expozulia, Gudi\u00f1o, destac\u00f3 sobre el trabajo conjunto que busca ofrecer un buen espect\u00e1culo para la familia de manera gratuita y expres\u00f3 que por primera vez un gobierno regional les dar\u00e1 posibilidades a 40 futuros empresarios de tener espacio para exponer sus productos y creaciones.<\/p>\n\n\n\n<figure class=\"wp-block-image size-large\"><img decoding=\"async\" width=\"1024\" height=\"768\" src=\"https:\/\/entretormentas.com\/wp-content\/uploads\/2025\/09\/expolc3-1024x768.jpeg\" alt=\"\" class=\"wp-image-21642\" srcset=\"https:\/\/entretormentas.com\/wp-content\/uploads\/2025\/09\/expolc3-1024x768.jpeg 1024w, https:\/\/entretormentas.com\/wp-content\/uploads\/2025\/09\/expolc3-300x225.jpeg 300w, https:\/\/entretormentas.com\/wp-content\/uploads\/2025\/09\/expolc3-768x576.jpeg 768w, https:\/\/entretormentas.com\/wp-content\/uploads\/2025\/09\/expolc3.jpeg 1280w\" sizes=\"(max-width: 1024px) 100vw, 1024px\" \/><\/figure>\n\n\n\n<p>Adelant\u00f3 que se colocar\u00e1 una gran tarima, un parque de diversiones y un \u00e1rea especial para la mujer en el Sal\u00f3n Caron\u00ed. Se contar\u00e1 tambi\u00e9n con estacionamientos aleda\u00f1os.<\/p>\n\n\n\n<p>El secretario de cultura, Villalobos, por su parte adelant\u00f3 que esta dependencia tendr\u00e1 tres tarimas para 14 d\u00edas de exposici\u00f3n musical, danc\u00edstica y de teatro, con la participaci\u00f3n de las escuelas de arte de la Gobernaci\u00f3n, Gaiteros de Coraz\u00f3n, Fundagraez y el Sistema de Orquesta y Coros Infantiles, n\u00facleo Zulia.<\/p>\n\n\n\n<p>\u201cEsto va a ser una fiesta del folklore y las tradiciones bien distante del tema de los antivalores. El gobernador est\u00e1 pidiendo que Expozulia sea la expresi\u00f3n de la paz del pa\u00eds\u201d, acot\u00f3.<br><strong><em>ET \/ Nota de Prensa<\/em><\/strong><\/p>\n\n\n\n<p><\/p>\n","protected":false},"excerpt":{"rendered":"<p>ENTRE TORMENTAS. Desde el 7 hasta el 20 de noviembre, la tradicional vitrina empresarial del&#8230;<\/p>\n","protected":false},"author":2,"featured_media":21643,"comment_status":"closed","ping_status":"open","sticky":false,"template":"","format":"standard","meta":{"footnotes":""},"categories":[57,1],"tags":[],"class_list":["post-21640","post","type-post","status-publish","format-standard","has-post-thumbnail","hentry","category-actualidad","category-regionales"],"_links":{"self":[{"href":"https:\/\/entretormentas.com\/index.php?rest_route=\/wp\/v2\/posts\/21640","targetHints":{"allow":["GET"]}}],"collection":[{"href":"https:\/\/entretormentas.com\/index.php?rest_route=\/wp\/v2\/posts"}],"about":[{"href":"https:\/\/entretormentas.com\/index.php?rest_route=\/wp\/v2\/types\/post"}],"author":[{"embeddable":true,"href":"https:\/\/entretormentas.com\/index.php?rest_route=\/wp\/v2\/users\/2"}],"replies":[{"embeddable":true,"href":"https:\/\/entretormentas.com\/index.php?rest_route=%2Fwp%2Fv2%2Fcomments&post=21640"}],"version-history":[{"count":1,"href":"https:\/\/entretormentas.com\/index.php?rest_route=\/wp\/v2\/posts\/21640\/revisions"}],"predecessor-version":[{"id":21644,"href":"https:\/\/entretormentas.com\/index.php?rest_route=\/wp\/v2\/posts\/21640\/revisions\/21644"}],"wp:featuredmedia":[{"embeddable":true,"href":"https:\/\/entretormentas.com\/index.php?rest_route=\/wp\/v2\/media\/21643"}],"wp:attachment":[{"href":"https:\/\/entretormentas.com\/index.php?rest_route=%2Fwp%2Fv2%2Fmedia&parent=21640"}],"wp:term":[{"taxonomy":"category","embeddable":true,"href":"https:\/\/entretormentas.com\/index.php?rest_route=%2Fwp%2Fv2%2Fcategories&post=21640"},{"taxonomy":"post_tag","embeddable":true,"href":"https:\/\/entretormentas.com\/index.php?rest_route=%2Fwp%2Fv2%2Ftags&post=21640"}],"curies":[{"name":"wp","href":"https:\/\/api.w.org\/{rel}","templated":true}]}}