{"id":21650,"date":"2025-09-11T03:54:12","date_gmt":"2025-09-11T07:54:12","guid":{"rendered":"https:\/\/entretormentas.com\/?p=21650"},"modified":"2025-09-11T03:54:13","modified_gmt":"2025-09-11T07:54:13","slug":"adaptandose-alcaldia-de-maracaibo-capacita-a-promotores-sociales-para-impulsar-el-estado-comunal","status":"publish","type":"post","link":"https:\/\/entretormentas.com\/adaptandose-alcaldia-de-maracaibo-capacita-a-promotores-sociales-para-impulsar-el-estado-comunal\/","title":{"rendered":"\u00a1ADAPT\u00c1NDOSE! Alcald\u00eda de Maracaibo capacita a promotores sociales para impulsar el estado comunal"},"content":{"rendered":"\n<p><strong>ENTRE TORMENTAS. <\/strong>M\u00e1s de 50 promotores sociales recibieron herramientas de formaci\u00f3n en un taller que ofreci\u00f3 la Alcald\u00eda de Maracaibo a trav\u00e9s de la Direcci\u00f3n General para la Promoci\u00f3n del Poder Comunal.<br>Esta capacitaci\u00f3n \u201ctiene el objetivo de proporcionar a nuestros comuneros las herramientas para desplegar su labor como l\u00edderes sociales y ejecutores de las pol\u00edticas sociales implementadas por nuestro alcalde Giancarlo Di Martino\u201d, dijo Beise Petit, directora de Comunas del ayuntamiento marabino.<\/p>\n\n\n\n<p>\u201cHoy estos promotores reciben la inducci\u00f3n de todo lo concerniente al tema comunal, como las agendas concretas de acci\u00f3n y los mapas de soluciones. Tambi\u00e9n se les proporcionar\u00e1 links a trav\u00e9s de los cuales ellos pueden hacer reportes de su trabajo en tiempo real\u201d, agreg\u00f3 la funcionaria.<\/p>\n\n\n\n<figure class=\"wp-block-image size-large\"><img fetchpriority=\"high\" decoding=\"async\" width=\"1024\" height=\"1024\" src=\"https:\/\/entretormentas.com\/wp-content\/uploads\/2025\/09\/forodi2-1024x1024.jpeg\" alt=\"\" class=\"wp-image-21651\" srcset=\"https:\/\/entretormentas.com\/wp-content\/uploads\/2025\/09\/forodi2-1024x1024.jpeg 1024w, https:\/\/entretormentas.com\/wp-content\/uploads\/2025\/09\/forodi2-300x300.jpeg 300w, https:\/\/entretormentas.com\/wp-content\/uploads\/2025\/09\/forodi2-150x150.jpeg 150w, https:\/\/entretormentas.com\/wp-content\/uploads\/2025\/09\/forodi2-768x768.jpeg 768w, https:\/\/entretormentas.com\/wp-content\/uploads\/2025\/09\/forodi2.jpeg 1280w\" sizes=\"(max-width: 1024px) 100vw, 1024px\" \/><\/figure>\n\n\n\n<p><strong>ESTADO COMUNAL<\/strong><br>En su exposici\u00f3n ante los l\u00edderes sociales, la funcionaria puso de relieve la labor de su despacho como asistente del alcalde Di Martino en la conducci\u00f3n de la pol\u00edtica municipal -en coordinaci\u00f3n con el Ejecutivo nacional- para la conformaci\u00f3n del Estado Comunal.<\/p>\n\n\n\n<p>Tambi\u00e9n inform\u00f3 sobre su trabajo en el an\u00e1lisis de la gesti\u00f3n de los movimientos sociales en el municipio y su participaci\u00f3n en la elaboraci\u00f3n de programas en materia de participaci\u00f3n ciudadana.<\/p>\n\n\n\n<p>\u201cEste es el segundo taller que ofrecemos a nuestros \u2018guerreros en los territorios\u2019. La primera actividad fue m\u00e1s espec\u00edfica, abarc\u00f3 el tema del Consejo Federal de Gobierno y la pol\u00edtica que impulsa nuestro presidente Nicol\u00e1s Maduro con las consultas populares\u201d, dijo la directora municipal de comunas.<\/p>\n\n\n\n<p>\u201cEn Maracaibo tenemos 124 estructuras, entre comunas y circuitos comunales; 66 circuitos electorales ya est\u00e1n en proceso de actualizaci\u00f3n de sus vocer\u00edas\u201d.<\/p>\n\n\n\n<p>\u201cA esta actividad acudieron 55 promotores sociales de diferentes parroquias de la ciudad; todos vinculados a comunas y circuitos electorales. Los talleres de formaci\u00f3n ser\u00e1n permanentes\u201d, dijo Beise Petit.<\/p>\n\n\n\n<p><strong>LABOR POL\u00cdTICA<\/strong><br>Por su parte, Efra\u00edn Carvajal, director adjunto del despacho municipal de Comunas, destac\u00f3 el rol pol\u00edtico de los comuneros y dijo que su labor est\u00e1 enmarcada en las Siete Transformaciones del Plan de la Patria 2025-2030 propuesto por el presidente Nicol\u00e1s Maduro.<\/p>\n\n\n\n<p>En su intervenci\u00f3n, Carvajal record\u00f3 a los l\u00edderes sociales la importancia de su trabajo. \u201cNadie mejor que los consejos comunales y las comunas para ayudar a construir y consolidar el modelo socialista venezolano\u201d.<\/p>\n\n\n\n<figure class=\"wp-block-image size-large\"><img decoding=\"async\" width=\"1024\" height=\"1024\" src=\"https:\/\/entretormentas.com\/wp-content\/uploads\/2025\/09\/forodi3-1024x1024.jpeg\" alt=\"\" class=\"wp-image-21652\" srcset=\"https:\/\/entretormentas.com\/wp-content\/uploads\/2025\/09\/forodi3-1024x1024.jpeg 1024w, https:\/\/entretormentas.com\/wp-content\/uploads\/2025\/09\/forodi3-300x300.jpeg 300w, https:\/\/entretormentas.com\/wp-content\/uploads\/2025\/09\/forodi3-150x150.jpeg 150w, https:\/\/entretormentas.com\/wp-content\/uploads\/2025\/09\/forodi3-768x768.jpeg 768w, https:\/\/entretormentas.com\/wp-content\/uploads\/2025\/09\/forodi3.jpeg 1280w\" sizes=\"(max-width: 1024px) 100vw, 1024px\" \/><\/figure>\n\n\n\n<p><strong>PARTICIPANTES<\/strong><br>Marisela Le\u00f3n, del consejo comunal Santa In\u00e9s del Sur, parroquia Manuel Dagnino, declar\u00f3: \u201cEstos talleres nos nutren m\u00e1s, el aprendizaje siempre es positivo para los comuneros y nosotros como l\u00edderes sociales. El alcalde Giancarlo Di Martino estuvo hace 20 a\u00f1os en nuestra comunidad y nos ayud\u00f3 con el servicio de electrificaci\u00f3n; pero necesitamos que nos ayude con un proyecto de transformadores multifamiliares que nos entreg\u00f3 Corpoelec y no hemos podido ejecutar\u201d.<\/p>\n\n\n\n<p>Paola Pardo, responsable de la misi\u00f3n Abuelos de la Patria en la parroquia Luis Hurtado Higuera, desarrolla su labor social en la comuna Los Robles y el circuito comunal Unidos por Ch\u00e1vez. \u201cEste el segundo taller al que asisto, me parece muy \u00fatil porque nos ayuda a gestionar m\u00e1s recursos para nuestra comunidad y ayudar a muchas personas\u201d.<br><strong><em>ET \/ Prensa Alcald\u00eda de Maracaibo<\/em><\/strong><\/p>\n\n\n\n<p><\/p>\n","protected":false},"excerpt":{"rendered":"<p>ENTRE TORMENTAS. M\u00e1s de 50 promotores sociales recibieron herramientas de formaci\u00f3n en un taller que&#8230;<\/p>\n","protected":false},"author":2,"featured_media":21653,"comment_status":"closed","ping_status":"open","sticky":false,"template":"","format":"standard","meta":{"footnotes":""},"categories":[57,1],"tags":[],"class_list":["post-21650","post","type-post","status-publish","format-standard","has-post-thumbnail","hentry","category-actualidad","category-regionales"],"_links":{"self":[{"href":"https:\/\/entretormentas.com\/index.php?rest_route=\/wp\/v2\/posts\/21650","targetHints":{"allow":["GET"]}}],"collection":[{"href":"https:\/\/entretormentas.com\/index.php?rest_route=\/wp\/v2\/posts"}],"about":[{"href":"https:\/\/entretormentas.com\/index.php?rest_route=\/wp\/v2\/types\/post"}],"author":[{"embeddable":true,"href":"https:\/\/entretormentas.com\/index.php?rest_route=\/wp\/v2\/users\/2"}],"replies":[{"embeddable":true,"href":"https:\/\/entretormentas.com\/index.php?rest_route=%2Fwp%2Fv2%2Fcomments&post=21650"}],"version-history":[{"count":1,"href":"https:\/\/entretormentas.com\/index.php?rest_route=\/wp\/v2\/posts\/21650\/revisions"}],"predecessor-version":[{"id":21654,"href":"https:\/\/entretormentas.com\/index.php?rest_route=\/wp\/v2\/posts\/21650\/revisions\/21654"}],"wp:featuredmedia":[{"embeddable":true,"href":"https:\/\/entretormentas.com\/index.php?rest_route=\/wp\/v2\/media\/21653"}],"wp:attachment":[{"href":"https:\/\/entretormentas.com\/index.php?rest_route=%2Fwp%2Fv2%2Fmedia&parent=21650"}],"wp:term":[{"taxonomy":"category","embeddable":true,"href":"https:\/\/entretormentas.com\/index.php?rest_route=%2Fwp%2Fv2%2Fcategories&post=21650"},{"taxonomy":"post_tag","embeddable":true,"href":"https:\/\/entretormentas.com\/index.php?rest_route=%2Fwp%2Fv2%2Ftags&post=21650"}],"curies":[{"name":"wp","href":"https:\/\/api.w.org\/{rel}","templated":true}]}}