{"id":21659,"date":"2025-09-11T04:01:40","date_gmt":"2025-09-11T08:01:40","guid":{"rendered":"https:\/\/entretormentas.com\/?p=21659"},"modified":"2025-09-11T04:01:41","modified_gmt":"2025-09-11T08:01:41","slug":"con-planes-de-proteccion-alcalde-hector-soto-supervisa-instalaciones-de-polisur","status":"publish","type":"post","link":"https:\/\/entretormentas.com\/con-planes-de-proteccion-alcalde-hector-soto-supervisa-instalaciones-de-polisur\/","title":{"rendered":"\u00a1CON PLANES DE PROTECCI\u00d3N! Alcalde H\u00e9ctor Soto supervisa instalaciones de Polisur"},"content":{"rendered":"\n<p><strong>ENTRE TORMENTAS. <\/strong>En una reuni\u00f3n realizada en la sede del Instituto Aut\u00f3nomo Polic\u00eda del Municipio San Francisco (Polisur), el Alcalde H\u00e9ctor Soto, discuti\u00f3 planes y estrategias para fortalecer la seguridad en la localidad y continuar redoblando el resguardo al pueblo.<\/p>\n\n\n\n<p>Durante su visita a la sede de Polisur, ubicada en la Circunvalaci\u00f3n 1, el alcalde, acompa\u00f1ado por el director de Polisur, G\/B Erich Rafael G\u00f3mez Barreto, realiz\u00f3 un recorrido por los m\u00f3dulos 1 y 2 del Centro de Coordinaci\u00f3n Policial, a fin de verificar el estado de estas instalaciones.<\/p>\n\n\n\n<figure class=\"wp-block-image size-large\"><img fetchpriority=\"high\" decoding=\"async\" width=\"1024\" height=\"650\" src=\"https:\/\/entretormentas.com\/wp-content\/uploads\/2025\/09\/polisursur1-1024x650.jpeg\" alt=\"\" class=\"wp-image-21660\" srcset=\"https:\/\/entretormentas.com\/wp-content\/uploads\/2025\/09\/polisursur1-1024x650.jpeg 1024w, https:\/\/entretormentas.com\/wp-content\/uploads\/2025\/09\/polisursur1-300x191.jpeg 300w, https:\/\/entretormentas.com\/wp-content\/uploads\/2025\/09\/polisursur1-768x488.jpeg 768w, https:\/\/entretormentas.com\/wp-content\/uploads\/2025\/09\/polisursur1.jpeg 1280w\" sizes=\"(max-width: 1024px) 100vw, 1024px\" \/><\/figure>\n\n\n\n<p>Al t\u00e9rmino de la reuni\u00f3n, el alcalde Soto recibi\u00f3 una placa de reconocimiento, as\u00ed como la Orden al M\u00e9rito Distinguido \u201cCruz del Instituto Aut\u00f3nomo Polic\u00eda del Municipio San Francisco\u201d, en agradecimiento por el apoyo brindado a este cuerpo de seguridad y por su labor en pro de la protecci\u00f3n de los sanfranciscanos.<\/p>\n\n\n\n<p>Las acciones en materia de seguridad impulsadas por la gesti\u00f3n municipal est\u00e1n enmarcadas en el Plan de las 7T (7 Transformaciones) de la Patria. En particular, responden a la 3T, que busca perfeccionar el modelo de convivencia para garantizar la justicia, los derechos humanos y la paz social en esta nueva etapa para el municipio.<br><strong><em>ET \/ Prensa Alcald\u00eda de San Francisco<\/em><\/strong><\/p>\n\n\n\n<p><\/p>\n","protected":false},"excerpt":{"rendered":"<p>ENTRE TORMENTAS. En una reuni\u00f3n realizada en la sede del Instituto Aut\u00f3nomo Polic\u00eda del Municipio&#8230;<\/p>\n","protected":false},"author":2,"featured_media":21661,"comment_status":"closed","ping_status":"open","sticky":false,"template":"","format":"standard","meta":{"footnotes":""},"categories":[57,1],"tags":[],"class_list":["post-21659","post","type-post","status-publish","format-standard","has-post-thumbnail","hentry","category-actualidad","category-regionales"],"_links":{"self":[{"href":"https:\/\/entretormentas.com\/index.php?rest_route=\/wp\/v2\/posts\/21659","targetHints":{"allow":["GET"]}}],"collection":[{"href":"https:\/\/entretormentas.com\/index.php?rest_route=\/wp\/v2\/posts"}],"about":[{"href":"https:\/\/entretormentas.com\/index.php?rest_route=\/wp\/v2\/types\/post"}],"author":[{"embeddable":true,"href":"https:\/\/entretormentas.com\/index.php?rest_route=\/wp\/v2\/users\/2"}],"replies":[{"embeddable":true,"href":"https:\/\/entretormentas.com\/index.php?rest_route=%2Fwp%2Fv2%2Fcomments&post=21659"}],"version-history":[{"count":1,"href":"https:\/\/entretormentas.com\/index.php?rest_route=\/wp\/v2\/posts\/21659\/revisions"}],"predecessor-version":[{"id":21662,"href":"https:\/\/entretormentas.com\/index.php?rest_route=\/wp\/v2\/posts\/21659\/revisions\/21662"}],"wp:featuredmedia":[{"embeddable":true,"href":"https:\/\/entretormentas.com\/index.php?rest_route=\/wp\/v2\/media\/21661"}],"wp:attachment":[{"href":"https:\/\/entretormentas.com\/index.php?rest_route=%2Fwp%2Fv2%2Fmedia&parent=21659"}],"wp:term":[{"taxonomy":"category","embeddable":true,"href":"https:\/\/entretormentas.com\/index.php?rest_route=%2Fwp%2Fv2%2Fcategories&post=21659"},{"taxonomy":"post_tag","embeddable":true,"href":"https:\/\/entretormentas.com\/index.php?rest_route=%2Fwp%2Fv2%2Ftags&post=21659"}],"curies":[{"name":"wp","href":"https:\/\/api.w.org\/{rel}","templated":true}]}}