{"id":21673,"date":"2025-09-11T04:14:49","date_gmt":"2025-09-11T08:14:49","guid":{"rendered":"https:\/\/entretormentas.com\/?p=21673"},"modified":"2025-09-11T04:14:50","modified_gmt":"2025-09-11T08:14:50","slug":"compromiso-alcalde-di-martino-anuncia-70-camiones-para-el-aseo-antes-de-la-feria-y-mano-dura-al-transporte-publico","status":"publish","type":"post","link":"https:\/\/entretormentas.com\/compromiso-alcalde-di-martino-anuncia-70-camiones-para-el-aseo-antes-de-la-feria-y-mano-dura-al-transporte-publico\/","title":{"rendered":"\u00a1COMPROMISO! Alcalde Di Martino anuncia 70 camiones para el aseo antes de la Feria y mano dura al transporte p\u00fablico"},"content":{"rendered":"\n<p><strong>ENTRE TORMENTAS.<\/strong> \u201cAntes de la feria de la Feria de la Chinita llegar\u00e1n a Maracaibo 70 nuevos camiones para el aseo urbano\u201d, anunci\u00f3 el alcalde de Maracaibo, Gian Carlo Di Martino, durante la Jornada Social realizada este mi\u00e9rcoles.<\/p>\n\n\n\n<p>Estos nuevos veh\u00edculos se sumar\u00e1n a los 30 camiones ya operativos, alcanzando un total de 100 unidades disponibles. \u201cEl objetivo de la gesti\u00f3n municipal es llegar a 150 camiones para enero de 2025 para optimizar las rutas y garantizar la efectividad del servicio\u201d, refiri\u00f3 el burgomaestre.<\/p>\n\n\n\n<figure class=\"wp-block-image size-large\"><img fetchpriority=\"high\" decoding=\"async\" width=\"1024\" height=\"683\" src=\"https:\/\/entretormentas.com\/wp-content\/uploads\/2025\/09\/italiano2-1024x683.jpeg\" alt=\"\" class=\"wp-image-21674\" srcset=\"https:\/\/entretormentas.com\/wp-content\/uploads\/2025\/09\/italiano2-1024x683.jpeg 1024w, https:\/\/entretormentas.com\/wp-content\/uploads\/2025\/09\/italiano2-300x200.jpeg 300w, https:\/\/entretormentas.com\/wp-content\/uploads\/2025\/09\/italiano2-768x512.jpeg 768w, https:\/\/entretormentas.com\/wp-content\/uploads\/2025\/09\/italiano2.jpeg 1080w\" sizes=\"(max-width: 1024px) 100vw, 1024px\" \/><\/figure>\n\n\n\n<p><strong>ATENCI\u00d3N EN PUNTOS CR\u00cdTICOS<\/strong><br>Di Martino inform\u00f3 que a\u00fan no es posible oficializar el cronograma exacto de recolecci\u00f3n de basura y destac\u00f3 que se est\u00e1n atendiendo puntos cr\u00edticos de acumulaci\u00f3n de desechos, adem\u00e1s de intensificar los operativos de limpieza tanto en el oeste como en el este de la ciudad.<\/p>\n\n\n\n<p>\u201cLa recolecci\u00f3n de basura actual incluye lugares donde hist\u00f3ricamente se acumulan grandes cantidades de desechos s\u00f3lidos, como el antiguo rectorado de la Universidad del Zulia y las adyacencias del estadio Alejandro Borges\u201d, expres\u00f3 Di Martino.<\/p>\n\n\n\n<p>Asimismo, la autoridad municipal inform\u00f3 que se est\u00e1 llevando a cabo un proceso de detenci\u00f3n o retenci\u00f3n de los llamados \u201cburreros\u201d, personas que utilizan animales para recolectar basura. Seg\u00fan explic\u00f3, muchos de ellos rompen las bolsas negras y esparcen los desechos, dificultando el trabajo de los camiones recolectores.<\/p>\n\n\n\n<p>\u201cLa intenci\u00f3n es crear conciencia ciudadana y evitar que estas pr\u00e1cticas agraven el problema de la basura en Maracaibo\u201d, puntualiz\u00f3 el alcalde.<\/p>\n\n\n\n<figure class=\"wp-block-image size-full\"><img decoding=\"async\" width=\"259\" height=\"194\" src=\"https:\/\/entretormentas.com\/wp-content\/uploads\/2025\/09\/italiano3.jpeg\" alt=\"\" class=\"wp-image-21675\"\/><\/figure>\n\n\n\n<p><strong>OPERATIVOS PARA EL TRANSPORTE P\u00daBLICO<\/strong><br>Di Martino tambi\u00e9n inform\u00f3 el inicio de un operativo para garantizar el cobro de las tarifas reguladas para el transporte p\u00fablico, ante denuncias de montos excesivos entre Bs. 60 y 70.<\/p>\n\n\n\n<p>El burgomaestre explic\u00f3 que la Polic\u00eda Municipal y la Direcci\u00f3n de Seguridad Ciudadana, ejecutan acciones para supervisar a las l\u00edneas de transporte, para detectar servicios informales y generar conciencia entre los prestadores del servicio.<\/p>\n\n\n\n<p>\u201cHemos identificado que existen l\u00edneas informales que aparecen en horarios en los que, por cuestiones log\u00edsticas, los carritos de transporte formal suelen ausentarse.<\/p>\n\n\n\n<p>A los veh\u00edculos involucrados en esta falta ser\u00e1n retenidos durante 24 horas. Adem\u00e1s, los conductores infractores deber\u00e1n asistir a charlas de concientizaci\u00f3n orientadas a mejorar el servicio y respetar las normativas establecidas.<br><strong><em>ET \/ Prensa Alcald\u00eda de Maracaibo<\/em><\/strong><\/p>\n\n\n\n<p><\/p>\n","protected":false},"excerpt":{"rendered":"<p>ENTRE TORMENTAS. \u201cAntes de la feria de la Feria de la Chinita llegar\u00e1n a Maracaibo&#8230;<\/p>\n","protected":false},"author":2,"featured_media":21676,"comment_status":"closed","ping_status":"open","sticky":false,"template":"","format":"standard","meta":{"footnotes":""},"categories":[57,1],"tags":[],"class_list":["post-21673","post","type-post","status-publish","format-standard","has-post-thumbnail","hentry","category-actualidad","category-regionales"],"_links":{"self":[{"href":"https:\/\/entretormentas.com\/index.php?rest_route=\/wp\/v2\/posts\/21673","targetHints":{"allow":["GET"]}}],"collection":[{"href":"https:\/\/entretormentas.com\/index.php?rest_route=\/wp\/v2\/posts"}],"about":[{"href":"https:\/\/entretormentas.com\/index.php?rest_route=\/wp\/v2\/types\/post"}],"author":[{"embeddable":true,"href":"https:\/\/entretormentas.com\/index.php?rest_route=\/wp\/v2\/users\/2"}],"replies":[{"embeddable":true,"href":"https:\/\/entretormentas.com\/index.php?rest_route=%2Fwp%2Fv2%2Fcomments&post=21673"}],"version-history":[{"count":1,"href":"https:\/\/entretormentas.com\/index.php?rest_route=\/wp\/v2\/posts\/21673\/revisions"}],"predecessor-version":[{"id":21677,"href":"https:\/\/entretormentas.com\/index.php?rest_route=\/wp\/v2\/posts\/21673\/revisions\/21677"}],"wp:featuredmedia":[{"embeddable":true,"href":"https:\/\/entretormentas.com\/index.php?rest_route=\/wp\/v2\/media\/21676"}],"wp:attachment":[{"href":"https:\/\/entretormentas.com\/index.php?rest_route=%2Fwp%2Fv2%2Fmedia&parent=21673"}],"wp:term":[{"taxonomy":"category","embeddable":true,"href":"https:\/\/entretormentas.com\/index.php?rest_route=%2Fwp%2Fv2%2Fcategories&post=21673"},{"taxonomy":"post_tag","embeddable":true,"href":"https:\/\/entretormentas.com\/index.php?rest_route=%2Fwp%2Fv2%2Ftags&post=21673"}],"curies":[{"name":"wp","href":"https:\/\/api.w.org\/{rel}","templated":true}]}}