{"id":21683,"date":"2025-09-11T04:22:24","date_gmt":"2025-09-11T08:22:24","guid":{"rendered":"https:\/\/entretormentas.com\/?p=21683"},"modified":"2025-09-11T04:22:25","modified_gmt":"2025-09-11T08:22:25","slug":"mas-de-300-planteles-rehabilitados-ministerio-de-educacion-confirma-inicio-del-nuevo-ano-escolar-para-el-lunes15-sep","status":"publish","type":"post","link":"https:\/\/entretormentas.com\/mas-de-300-planteles-rehabilitados-ministerio-de-educacion-confirma-inicio-del-nuevo-ano-escolar-para-el-lunes15-sep\/","title":{"rendered":"\u00a1M\u00c1S DE 300 PLANTELES REHABILITADOS! Ministerio de Educaci\u00f3n confirma inicio del nuevo a\u00f1o escolar para el lunes15-Sep"},"content":{"rendered":"\n<p><strong>ENTRE TORMENTAS. <\/strong>El Ministerio de Educaci\u00f3n ratific\u00f3 que el regreso a clases en Venezuela est\u00e1 fijado para el pr\u00f3ximo 15 de septiembre, fecha en la que se dar\u00e1 inicio al per\u00edodo acad\u00e9mico 2025-2026 en todos los niveles del sistema educativo.<\/p>\n\n\n\n<p>Durante un recorrido por el Centro de Educaci\u00f3n Inicial El Zamorano, en Caracas, el viceministro William Gil inform\u00f3 que se ha trabajado intensamente en el acondicionamiento de planteles a lo largo del territorio nacional. Seg\u00fan precis\u00f3, m\u00e1s de 300 instituciones fueron rehabilitadas durante las vacaciones escolares, mientras que se encuentran en construcci\u00f3n alrededor de 30 nuevos centros educativos.<\/p>\n\n\n\n<p>Gil subray\u00f3 que la educaci\u00f3n se mantiene como un eje fundamental para el Ejecutivo, asegurando que los planteles estar\u00e1n listos para recibir a los estudiantes en la fecha prevista.<\/p>\n\n\n\n<p>Tambi\u00e9n explic\u00f3 que los trabajos de mejora y levantamiento de nuevas infraestructuras han contado con el respaldo de la Fuerza Armada Nacional Bolivariana, a trav\u00e9s de las Bricomiles, y con la participaci\u00f3n activa de las comunidades organizadas.<br><strong><em>ET \/ Noticia al D\u00eda<\/em><\/strong><\/p>\n","protected":false},"excerpt":{"rendered":"<p>ENTRE TORMENTAS. El Ministerio de Educaci\u00f3n ratific\u00f3 que el regreso a clases en Venezuela est\u00e1&#8230;<\/p>\n","protected":false},"author":2,"featured_media":21684,"comment_status":"closed","ping_status":"open","sticky":false,"template":"","format":"standard","meta":{"footnotes":""},"categories":[56,49],"tags":[],"class_list":["post-21683","post","type-post","status-publish","format-standard","has-post-thumbnail","hentry","category-destacadas","category-nacionales"],"_links":{"self":[{"href":"https:\/\/entretormentas.com\/index.php?rest_route=\/wp\/v2\/posts\/21683","targetHints":{"allow":["GET"]}}],"collection":[{"href":"https:\/\/entretormentas.com\/index.php?rest_route=\/wp\/v2\/posts"}],"about":[{"href":"https:\/\/entretormentas.com\/index.php?rest_route=\/wp\/v2\/types\/post"}],"author":[{"embeddable":true,"href":"https:\/\/entretormentas.com\/index.php?rest_route=\/wp\/v2\/users\/2"}],"replies":[{"embeddable":true,"href":"https:\/\/entretormentas.com\/index.php?rest_route=%2Fwp%2Fv2%2Fcomments&post=21683"}],"version-history":[{"count":1,"href":"https:\/\/entretormentas.com\/index.php?rest_route=\/wp\/v2\/posts\/21683\/revisions"}],"predecessor-version":[{"id":21685,"href":"https:\/\/entretormentas.com\/index.php?rest_route=\/wp\/v2\/posts\/21683\/revisions\/21685"}],"wp:featuredmedia":[{"embeddable":true,"href":"https:\/\/entretormentas.com\/index.php?rest_route=\/wp\/v2\/media\/21684"}],"wp:attachment":[{"href":"https:\/\/entretormentas.com\/index.php?rest_route=%2Fwp%2Fv2%2Fmedia&parent=21683"}],"wp:term":[{"taxonomy":"category","embeddable":true,"href":"https:\/\/entretormentas.com\/index.php?rest_route=%2Fwp%2Fv2%2Fcategories&post=21683"},{"taxonomy":"post_tag","embeddable":true,"href":"https:\/\/entretormentas.com\/index.php?rest_route=%2Fwp%2Fv2%2Ftags&post=21683"}],"curies":[{"name":"wp","href":"https:\/\/api.w.org\/{rel}","templated":true}]}}