{"id":21686,"date":"2025-09-11T04:24:31","date_gmt":"2025-09-11T08:24:31","guid":{"rendered":"https:\/\/entretormentas.com\/?p=21686"},"modified":"2025-09-11T04:24:31","modified_gmt":"2025-09-11T08:24:31","slug":"optimista-maduro-afirma-que-reserva-alimentaria-del-pais-alcanza-para-abastecer-101-dias","status":"publish","type":"post","link":"https:\/\/entretormentas.com\/optimista-maduro-afirma-que-reserva-alimentaria-del-pais-alcanza-para-abastecer-101-dias\/","title":{"rendered":"\u00a1OPTIMISTA! Maduro afirma que reserva alimentaria del pa\u00eds alcanza para abastecer 101 d\u00edas"},"content":{"rendered":"\n<p><strong>ENTRE TORMENTAS. <\/strong>El mandatario nacional, Nicol\u00e1s Maduro, asegur\u00f3 este mi\u00e9rcoles 10 de septiembre que el pa\u00eds cuenta con unas reservas alimentarias, con insumos de producci\u00f3n nacional, que alcanzan para abastecer el pa\u00eds durante 101 d\u00edas.<\/p>\n\n\n\n<p>El Jefe de Estado asegur\u00f3 que se trata de \u00abla reserva alimentaria m\u00e1s grande en la historia de Venezuela\u00bb y apunt\u00f3 que es primera vez que ocurre. \u00abNi cuando ingresaban 57 mil millones de d\u00f3lares por a\u00f1o, llegamos a 60 d\u00edas, 80 d\u00edas m\u00e1ximo\u00bb, dijo.<\/p>\n\n\n\n<p>Durante la ejecuci\u00f3n de una jornada de trabajo dedicada al \u00e1rea alimentaria, Maduro asegur\u00f3 que, a trav\u00e9s de la producci\u00f3n nacional, se cre\u00f3 un excedente de productos que estar\u00e1n destinados a la exportaci\u00f3n.<\/p>\n\n\n\n<p>\u00abEstamos exportando alimentos al mundo (\u2026) vamos a ser el granero del mundo\u00bb, afirm\u00f3.<br><strong><em>ET \/ Banca y Negocios<\/em><\/strong><\/p>\n","protected":false},"excerpt":{"rendered":"<p>ENTRE TORMENTAS. El mandatario nacional, Nicol\u00e1s Maduro, asegur\u00f3 este mi\u00e9rcoles 10 de septiembre que el&#8230;<\/p>\n","protected":false},"author":2,"featured_media":21687,"comment_status":"closed","ping_status":"open","sticky":false,"template":"","format":"standard","meta":{"footnotes":""},"categories":[56,49],"tags":[],"class_list":["post-21686","post","type-post","status-publish","format-standard","has-post-thumbnail","hentry","category-destacadas","category-nacionales"],"_links":{"self":[{"href":"https:\/\/entretormentas.com\/index.php?rest_route=\/wp\/v2\/posts\/21686","targetHints":{"allow":["GET"]}}],"collection":[{"href":"https:\/\/entretormentas.com\/index.php?rest_route=\/wp\/v2\/posts"}],"about":[{"href":"https:\/\/entretormentas.com\/index.php?rest_route=\/wp\/v2\/types\/post"}],"author":[{"embeddable":true,"href":"https:\/\/entretormentas.com\/index.php?rest_route=\/wp\/v2\/users\/2"}],"replies":[{"embeddable":true,"href":"https:\/\/entretormentas.com\/index.php?rest_route=%2Fwp%2Fv2%2Fcomments&post=21686"}],"version-history":[{"count":1,"href":"https:\/\/entretormentas.com\/index.php?rest_route=\/wp\/v2\/posts\/21686\/revisions"}],"predecessor-version":[{"id":21688,"href":"https:\/\/entretormentas.com\/index.php?rest_route=\/wp\/v2\/posts\/21686\/revisions\/21688"}],"wp:featuredmedia":[{"embeddable":true,"href":"https:\/\/entretormentas.com\/index.php?rest_route=\/wp\/v2\/media\/21687"}],"wp:attachment":[{"href":"https:\/\/entretormentas.com\/index.php?rest_route=%2Fwp%2Fv2%2Fmedia&parent=21686"}],"wp:term":[{"taxonomy":"category","embeddable":true,"href":"https:\/\/entretormentas.com\/index.php?rest_route=%2Fwp%2Fv2%2Fcategories&post=21686"},{"taxonomy":"post_tag","embeddable":true,"href":"https:\/\/entretormentas.com\/index.php?rest_route=%2Fwp%2Fv2%2Ftags&post=21686"}],"curies":[{"name":"wp","href":"https:\/\/api.w.org\/{rel}","templated":true}]}}