{"id":21696,"date":"2025-09-11T04:33:40","date_gmt":"2025-09-11T08:33:40","guid":{"rendered":"https:\/\/entretormentas.com\/?p=21696"},"modified":"2025-09-11T04:33:41","modified_gmt":"2025-09-11T08:33:41","slug":"junto-a-su-cuerpo-tecnico-fvf-confirma-destitucion-de-fernando-bocha-batista-como-dt-de-venezuela","status":"publish","type":"post","link":"https:\/\/entretormentas.com\/junto-a-su-cuerpo-tecnico-fvf-confirma-destitucion-de-fernando-bocha-batista-como-dt-de-venezuela\/","title":{"rendered":"\u00a1JUNTO A SU CUERPO T\u00c9CNICO! FVF confirma destituci\u00f3n de Fernando \u00abBocha\u00bb Batista como DT de Venezuela"},"content":{"rendered":"\n<p><strong>ENTRE TORMENTAS.<\/strong> La Federaci\u00f3n Venezolana de F\u00fatbol (FVF) inform\u00f3 a trav\u00e9s de un comunicado publicado en redes sociales, la destituci\u00f3n de Fernando \u00abBocha\u00bb Batista como director t\u00e9cnico de la selecci\u00f3n de Venezuela.<\/p>\n\n\n\n<p>El comunicado menciona que \u00abbajo la conducci\u00f3n de Batista, la selecci\u00f3n mostr\u00f3 car\u00e1cter competitivo y momentos de evoluci\u00f3n futbol\u00edstica, pero los resultados finales no estuvieron a la altura de las expectativas del pa\u00eds y de la instituci\u00f3n\u00bb.<\/p>\n\n\n\n<figure class=\"wp-block-image size-large\"><img fetchpriority=\"high\" decoding=\"async\" width=\"819\" height=\"1024\" src=\"https:\/\/entretormentas.com\/wp-content\/uploads\/2025\/09\/bochaaaa1-819x1024.jpeg\" alt=\"\" class=\"wp-image-21697\" srcset=\"https:\/\/entretormentas.com\/wp-content\/uploads\/2025\/09\/bochaaaa1-819x1024.jpeg 819w, https:\/\/entretormentas.com\/wp-content\/uploads\/2025\/09\/bochaaaa1-240x300.jpeg 240w, https:\/\/entretormentas.com\/wp-content\/uploads\/2025\/09\/bochaaaa1-768x960.jpeg 768w, https:\/\/entretormentas.com\/wp-content\/uploads\/2025\/09\/bochaaaa1.jpeg 1024w\" sizes=\"(max-width: 819px) 100vw, 819px\" \/><\/figure>\n\n\n\n<p>El ciclo de \u00abBocha\u00bb en Venezuela empez\u00f3 marzo de 2023 tras la salida de Jos\u00e9 P\u00e9kerman y culmin\u00f3 este mi\u00e9rcoles 10 de septiembre de 2025, tras perder cualquier opci\u00f3n de la Vinotinto de jugar en el repechaje mundialista.<\/p>\n\n\n\n<p>Como entrenador dirigi\u00f3 un total de 22 partidos donde tuvo siete victorias, seis empates y nueve derrotas qued\u00f3 octavo en las eliminatorias mundialistas y lleg\u00f3 a cuartos de final en la Copa Am\u00e9rica 2024. Su ciclo deber\u00eda haber terminado en diciembre del 2026.<br><strong><em>ET \/ Agencias<\/em><\/strong><\/p>\n","protected":false},"excerpt":{"rendered":"<p>ENTRE TORMENTAS. La Federaci\u00f3n Venezolana de F\u00fatbol (FVF) inform\u00f3 a trav\u00e9s de un comunicado publicado&#8230;<\/p>\n","protected":false},"author":2,"featured_media":21698,"comment_status":"closed","ping_status":"open","sticky":false,"template":"","format":"standard","meta":{"footnotes":""},"categories":[53,56],"tags":[],"class_list":["post-21696","post","type-post","status-publish","format-standard","has-post-thumbnail","hentry","category-deportes","category-destacadas"],"_links":{"self":[{"href":"https:\/\/entretormentas.com\/index.php?rest_route=\/wp\/v2\/posts\/21696","targetHints":{"allow":["GET"]}}],"collection":[{"href":"https:\/\/entretormentas.com\/index.php?rest_route=\/wp\/v2\/posts"}],"about":[{"href":"https:\/\/entretormentas.com\/index.php?rest_route=\/wp\/v2\/types\/post"}],"author":[{"embeddable":true,"href":"https:\/\/entretormentas.com\/index.php?rest_route=\/wp\/v2\/users\/2"}],"replies":[{"embeddable":true,"href":"https:\/\/entretormentas.com\/index.php?rest_route=%2Fwp%2Fv2%2Fcomments&post=21696"}],"version-history":[{"count":1,"href":"https:\/\/entretormentas.com\/index.php?rest_route=\/wp\/v2\/posts\/21696\/revisions"}],"predecessor-version":[{"id":21699,"href":"https:\/\/entretormentas.com\/index.php?rest_route=\/wp\/v2\/posts\/21696\/revisions\/21699"}],"wp:featuredmedia":[{"embeddable":true,"href":"https:\/\/entretormentas.com\/index.php?rest_route=\/wp\/v2\/media\/21698"}],"wp:attachment":[{"href":"https:\/\/entretormentas.com\/index.php?rest_route=%2Fwp%2Fv2%2Fmedia&parent=21696"}],"wp:term":[{"taxonomy":"category","embeddable":true,"href":"https:\/\/entretormentas.com\/index.php?rest_route=%2Fwp%2Fv2%2Fcategories&post=21696"},{"taxonomy":"post_tag","embeddable":true,"href":"https:\/\/entretormentas.com\/index.php?rest_route=%2Fwp%2Fv2%2Ftags&post=21696"}],"curies":[{"name":"wp","href":"https:\/\/api.w.org\/{rel}","templated":true}]}}