{"id":21720,"date":"2025-09-12T04:19:03","date_gmt":"2025-09-12T08:19:03","guid":{"rendered":"https:\/\/entretormentas.com\/?p=21720"},"modified":"2025-09-12T04:19:03","modified_gmt":"2025-09-12T08:19:03","slug":"desde-la-alcaldia-surena-benefician-a-mas-de-mil-500-sanfranciscanos-a-traves-del-plan-luciernaga","status":"publish","type":"post","link":"https:\/\/entretormentas.com\/desde-la-alcaldia-surena-benefician-a-mas-de-mil-500-sanfranciscanos-a-traves-del-plan-luciernaga\/","title":{"rendered":"\u00a1DESDE LA ALCALD\u00cdA SURE\u00d1A! Benefician a m\u00e1s de mil 500 sanfranciscanos a trav\u00e9s del Plan Luci\u00e9rnaga"},"content":{"rendered":"\n<p><strong>ENTRE TORMENTAS.<\/strong> La Alcald\u00eda de San Francisco contin\u00faa desplegando jornadas de atenci\u00f3n m\u00e9dica preventiva en el municipio, consolidando una pol\u00edtica p\u00fablica que garantiza salud gratuita y oportuna para toda la poblaci\u00f3n. Bajo los lineamientos del ciudadano alcalde H\u00e9ctor Soto, m\u00e1s de mil 500 sanfranciscanos han sido atendidos hasta la fecha, a trav\u00e9s del Plan Luciernaga en coordinaci\u00f3n con el Instituto Municipal de la Salud (Imsasur).<\/p>\n\n\n\n<p>Durante estas jornadas, 880 pacientes han recibido evaluaci\u00f3n cardiovascular, 485 personas han sido desparasitadas y se han colocado 135 dosis de vacunas para ni\u00f1os y adultos. Padres y representantes han expresado su gratitud por estas actividades, que les han permitido realizar los controles cardiovasculares de sus hijos de forma r\u00e1pida, gratuita y con atenci\u00f3n de calidad, sin necesidad de acudir a centros privados.<\/p>\n\n\n\n<figure class=\"wp-block-image size-large\"><img fetchpriority=\"high\" decoding=\"async\" width=\"1024\" height=\"683\" src=\"https:\/\/entretormentas.com\/wp-content\/uploads\/2025\/09\/luciernaga2-1024x683.jpeg\" alt=\"\" class=\"wp-image-21721\" srcset=\"https:\/\/entretormentas.com\/wp-content\/uploads\/2025\/09\/luciernaga2-1024x683.jpeg 1024w, https:\/\/entretormentas.com\/wp-content\/uploads\/2025\/09\/luciernaga2-300x200.jpeg 300w, https:\/\/entretormentas.com\/wp-content\/uploads\/2025\/09\/luciernaga2-768x512.jpeg 768w, https:\/\/entretormentas.com\/wp-content\/uploads\/2025\/09\/luciernaga2.jpeg 1080w\" sizes=\"(max-width: 1024px) 100vw, 1024px\" \/><\/figure>\n\n\n\n<p>Zuneidy Rinc\u00f3n, enfermera de Imsasur, destac\u00f3 la integraci\u00f3n del Programa Ampliado de Inmunizaciones (P.A.I.) al Plan Luci\u00e9rnaga, se\u00f1alando que \u201cen Imsasur la vacunaci\u00f3n es permanente y, siguiendo las directrices de nuestro alcalde H\u00e9ctor Soto, en cada punto estar\u00e1 el equipo de enfermer\u00eda para orientar a los padres y representantes para que puedan cumplir con el esquema de vacunaci\u00f3n. As\u00ed que los invitamos a traer a sus ni\u00f1os con su cart\u00f3n de vacunas\u201d.<\/p>\n\n\n\n<p>El Plan Luci\u00e9rnaga se mantiene activo como parte de las 7T de las Grandes Transformaciones del sector Salud, promovidas por el Gobierno Nacional, y responde al compromiso del alcalde H\u00e9ctor Soto de acercar los servicios m\u00e9dicos a cada rinc\u00f3n del municipio.<br><strong><em>ET \/ Prensa Alcald\u00eda de San Francisco<\/em><\/strong><\/p>\n","protected":false},"excerpt":{"rendered":"<p>ENTRE TORMENTAS. La Alcald\u00eda de San Francisco contin\u00faa desplegando jornadas de atenci\u00f3n m\u00e9dica preventiva en&#8230;<\/p>\n","protected":false},"author":2,"featured_media":21722,"comment_status":"closed","ping_status":"open","sticky":false,"template":"","format":"standard","meta":{"footnotes":""},"categories":[57,1],"tags":[],"class_list":["post-21720","post","type-post","status-publish","format-standard","has-post-thumbnail","hentry","category-actualidad","category-regionales"],"_links":{"self":[{"href":"https:\/\/entretormentas.com\/index.php?rest_route=\/wp\/v2\/posts\/21720","targetHints":{"allow":["GET"]}}],"collection":[{"href":"https:\/\/entretormentas.com\/index.php?rest_route=\/wp\/v2\/posts"}],"about":[{"href":"https:\/\/entretormentas.com\/index.php?rest_route=\/wp\/v2\/types\/post"}],"author":[{"embeddable":true,"href":"https:\/\/entretormentas.com\/index.php?rest_route=\/wp\/v2\/users\/2"}],"replies":[{"embeddable":true,"href":"https:\/\/entretormentas.com\/index.php?rest_route=%2Fwp%2Fv2%2Fcomments&post=21720"}],"version-history":[{"count":1,"href":"https:\/\/entretormentas.com\/index.php?rest_route=\/wp\/v2\/posts\/21720\/revisions"}],"predecessor-version":[{"id":21723,"href":"https:\/\/entretormentas.com\/index.php?rest_route=\/wp\/v2\/posts\/21720\/revisions\/21723"}],"wp:featuredmedia":[{"embeddable":true,"href":"https:\/\/entretormentas.com\/index.php?rest_route=\/wp\/v2\/media\/21722"}],"wp:attachment":[{"href":"https:\/\/entretormentas.com\/index.php?rest_route=%2Fwp%2Fv2%2Fmedia&parent=21720"}],"wp:term":[{"taxonomy":"category","embeddable":true,"href":"https:\/\/entretormentas.com\/index.php?rest_route=%2Fwp%2Fv2%2Fcategories&post=21720"},{"taxonomy":"post_tag","embeddable":true,"href":"https:\/\/entretormentas.com\/index.php?rest_route=%2Fwp%2Fv2%2Ftags&post=21720"}],"curies":[{"name":"wp","href":"https:\/\/api.w.org\/{rel}","templated":true}]}}