{"id":21729,"date":"2025-09-12T04:27:07","date_gmt":"2025-09-12T08:27:07","guid":{"rendered":"https:\/\/entretormentas.com\/?p=21729"},"modified":"2025-09-12T04:27:08","modified_gmt":"2025-09-12T08:27:08","slug":"llamo-a-la-calma-a-la-poblacion-alcalde-hector-soto-afirma-que-es-un-milagro-que-no-hallan-fallecidos-tras-la-explosion","status":"publish","type":"post","link":"https:\/\/entretormentas.com\/llamo-a-la-calma-a-la-poblacion-alcalde-hector-soto-afirma-que-es-un-milagro-que-no-hallan-fallecidos-tras-la-explosion\/","title":{"rendered":"\u00a1LLAM\u00d3 A LA CALMA A LA POBLACI\u00d3N! Alcalde H\u00e9ctor Soto afirma que \u00abes un milagro que no hallan fallecidos\u00bb tras la explosi\u00f3n"},"content":{"rendered":"\n<p><strong>ENTRE TORMENTAS. <\/strong>El Alcalde H\u00e9ctor Soto a trav\u00e9s de un comunicado indic\u00f3 este jueves 11 de septiembre que el evento se produjo tr\u00e1s una explosi\u00f3n en un almac\u00e9n de la empresa Comercial Gallo Verde, fabricante de fuegos pirot\u00e9cnicos, en la zona industrial de San Francisco. As\u00ed mismo, el Ministerio del Interior report\u00f3 20 heridos hasta esta el momento de emitir el comunicado.<\/p>\n\n\n\n<p>Por otra parte, el alcalde Soto confirm\u00f3 que no hubo fallecidos en el incidente y alert\u00f3 sobre la difusi\u00f3n de noticias falsas (\u00abfake news\u00bb) en redes sociales. \u00abEs un milagro que falleciera nadie en este tr\u00e1gico evento\u00bb, precis\u00f3 el alcalde sure\u00f1o.<\/p>\n\n\n\n<figure class=\"wp-block-image size-full\"><img fetchpriority=\"high\" decoding=\"async\" width=\"656\" height=\"459\" src=\"https:\/\/entretormentas.com\/wp-content\/uploads\/2025\/09\/hectorin2.jpeg\" alt=\"\" class=\"wp-image-21730\" srcset=\"https:\/\/entretormentas.com\/wp-content\/uploads\/2025\/09\/hectorin2.jpeg 656w, https:\/\/entretormentas.com\/wp-content\/uploads\/2025\/09\/hectorin2-300x210.jpeg 300w\" sizes=\"(max-width: 656px) 100vw, 656px\" \/><\/figure>\n\n\n\n<p>Ante las diferentes matrices de opini\u00f3n, el alcalde H\u00e9ctor Soto hizo un llamado a la calma y a informarse a trav\u00e9s de fuentes oficiales.<\/p>\n\n\n\n<p>En el sitio del siniestro se activaron varios cuerpos de seguridad para atender la emergencia (Polisur, Bomberos de San Francisco, Seguridad Ciudadana, Protecci\u00f3n Civil, Imsasur), en coordinaci\u00f3n con organismos regionales y nacionales.<br><strong><em>ET \/ Prensa Alcald\u00eda de San Francisco<\/em><\/strong><\/p>\n","protected":false},"excerpt":{"rendered":"<p>ENTRE TORMENTAS. El Alcalde H\u00e9ctor Soto a trav\u00e9s de un comunicado indic\u00f3 este jueves 11&#8230;<\/p>\n","protected":false},"author":2,"featured_media":21731,"comment_status":"closed","ping_status":"open","sticky":false,"template":"","format":"standard","meta":{"footnotes":""},"categories":[56,1],"tags":[],"class_list":["post-21729","post","type-post","status-publish","format-standard","has-post-thumbnail","hentry","category-destacadas","category-regionales"],"_links":{"self":[{"href":"https:\/\/entretormentas.com\/index.php?rest_route=\/wp\/v2\/posts\/21729","targetHints":{"allow":["GET"]}}],"collection":[{"href":"https:\/\/entretormentas.com\/index.php?rest_route=\/wp\/v2\/posts"}],"about":[{"href":"https:\/\/entretormentas.com\/index.php?rest_route=\/wp\/v2\/types\/post"}],"author":[{"embeddable":true,"href":"https:\/\/entretormentas.com\/index.php?rest_route=\/wp\/v2\/users\/2"}],"replies":[{"embeddable":true,"href":"https:\/\/entretormentas.com\/index.php?rest_route=%2Fwp%2Fv2%2Fcomments&post=21729"}],"version-history":[{"count":1,"href":"https:\/\/entretormentas.com\/index.php?rest_route=\/wp\/v2\/posts\/21729\/revisions"}],"predecessor-version":[{"id":21732,"href":"https:\/\/entretormentas.com\/index.php?rest_route=\/wp\/v2\/posts\/21729\/revisions\/21732"}],"wp:featuredmedia":[{"embeddable":true,"href":"https:\/\/entretormentas.com\/index.php?rest_route=\/wp\/v2\/media\/21731"}],"wp:attachment":[{"href":"https:\/\/entretormentas.com\/index.php?rest_route=%2Fwp%2Fv2%2Fmedia&parent=21729"}],"wp:term":[{"taxonomy":"category","embeddable":true,"href":"https:\/\/entretormentas.com\/index.php?rest_route=%2Fwp%2Fv2%2Fcategories&post=21729"},{"taxonomy":"post_tag","embeddable":true,"href":"https:\/\/entretormentas.com\/index.php?rest_route=%2Fwp%2Fv2%2Ftags&post=21729"}],"curies":[{"name":"wp","href":"https:\/\/api.w.org\/{rel}","templated":true}]}}