{"id":21733,"date":"2025-09-12T04:31:01","date_gmt":"2025-09-12T08:31:01","guid":{"rendered":"https:\/\/entretormentas.com\/?p=21733"},"modified":"2025-09-12T04:31:02","modified_gmt":"2025-09-12T08:31:02","slug":"el-alcalde-soto-estara-al-frente-gobernador-instala-comision-para-atender-a-48-heridos-y-482-casas-afectadas-en-la-explosion","status":"publish","type":"post","link":"https:\/\/entretormentas.com\/el-alcalde-soto-estara-al-frente-gobernador-instala-comision-para-atender-a-48-heridos-y-482-casas-afectadas-en-la-explosion\/","title":{"rendered":"\u00a1EL ALCALDE SOTO ESTAR\u00c1 AL FRENTE! Gobernador instala comisi\u00f3n para atender a 48 heridos y 482 casas afectadas en la explosi\u00f3n"},"content":{"rendered":"\n<p><strong>ENTRE TORMENTAS. <\/strong>El gobernador del estado Zulia, Luis Caldera, inform\u00f3 en un primer balance, tras incendio en f\u00e1brica de fuegos artificiales en San Francisco, arrojaba 23 heridos y 482 casas afectadas. No obstante, en horas de la noche, junto a un equipo multidisciplinario, coment\u00f3 que la cifra de afectados se elev\u00f3 a 48, de los cuales s\u00f3lo dos permanecen hospitalizados.<\/p>\n\n\n\n<figure class=\"wp-block-image size-full\"><img fetchpriority=\"high\" decoding=\"async\" width=\"657\" height=\"461\" src=\"https:\/\/entretormentas.com\/wp-content\/uploads\/2025\/09\/calderin2.jpeg\" alt=\"\" class=\"wp-image-21734\" srcset=\"https:\/\/entretormentas.com\/wp-content\/uploads\/2025\/09\/calderin2.jpeg 657w, https:\/\/entretormentas.com\/wp-content\/uploads\/2025\/09\/calderin2-300x211.jpeg 300w\" sizes=\"(max-width: 657px) 100vw, 657px\" \/><\/figure>\n\n\n\n<p>Caldera recalc\u00f3 que todos los organismos de la Gobernaci\u00f3n est\u00e1n abocados a atender la situaci\u00f3n. Desde el viernes, el alcalde de San Francisco, H\u00e9ctor Soto, se encargar\u00e1 de dirigir las investigaciones y las acciones para atender a las familias que lo perdieron casi todo.<\/p>\n\n\n\n<p><strong>LOS HECHOS<\/strong><br>Reiter\u00f3 que el hecho ocurri\u00f3 a las 9:37 de la ma\u00f1ana en la zona industrial de Maracaibo, que forma parte del municipio San Francisco.<\/p>\n\n\n\n<figure class=\"wp-block-image size-full\"><img decoding=\"async\" width=\"720\" height=\"594\" src=\"https:\/\/entretormentas.com\/wp-content\/uploads\/2025\/09\/calderin3.jpeg\" alt=\"\" class=\"wp-image-21735\" srcset=\"https:\/\/entretormentas.com\/wp-content\/uploads\/2025\/09\/calderin3.jpeg 720w, https:\/\/entretormentas.com\/wp-content\/uploads\/2025\/09\/calderin3-300x248.jpeg 300w\" sizes=\"(max-width: 720px) 100vw, 720px\" \/><\/figure>\n\n\n\n<p>La explosi\u00f3n caus\u00f3 una gran columna de humo que impact\u00f3 a toda la ciudadan\u00eda y tuvo una onda expansiva de m\u00e1s de seis kil\u00f3metros en todo el territorio de esa zona, inclusive llegando a la base a\u00e9rea Rafael Urdaneta, que tambi\u00e9n est\u00e1 muy cerca y al propio aeropuerto internacional de La Chinita, coment\u00f3 el gobernador.<\/p>\n\n\n\n<p>Acot\u00f3 que los organismos de inteligencia del Estado est\u00e1n desplegados, cumpliendo instrucciones del capit\u00e1n Diosdado Cabello Rond\u00f3n, para conocer cu\u00e1les fueron las causas que ocasionaron esta explosi\u00f3n.<br><strong><em>ET \/ Gabriel Sthormes<\/em><\/strong><\/p>\n","protected":false},"excerpt":{"rendered":"<p>ENTRE TORMENTAS. El gobernador del estado Zulia, Luis Caldera, inform\u00f3 en un primer balance, tras&#8230;<\/p>\n","protected":false},"author":2,"featured_media":21736,"comment_status":"closed","ping_status":"open","sticky":false,"template":"","format":"standard","meta":{"footnotes":""},"categories":[56,1],"tags":[],"class_list":["post-21733","post","type-post","status-publish","format-standard","has-post-thumbnail","hentry","category-destacadas","category-regionales"],"_links":{"self":[{"href":"https:\/\/entretormentas.com\/index.php?rest_route=\/wp\/v2\/posts\/21733","targetHints":{"allow":["GET"]}}],"collection":[{"href":"https:\/\/entretormentas.com\/index.php?rest_route=\/wp\/v2\/posts"}],"about":[{"href":"https:\/\/entretormentas.com\/index.php?rest_route=\/wp\/v2\/types\/post"}],"author":[{"embeddable":true,"href":"https:\/\/entretormentas.com\/index.php?rest_route=\/wp\/v2\/users\/2"}],"replies":[{"embeddable":true,"href":"https:\/\/entretormentas.com\/index.php?rest_route=%2Fwp%2Fv2%2Fcomments&post=21733"}],"version-history":[{"count":1,"href":"https:\/\/entretormentas.com\/index.php?rest_route=\/wp\/v2\/posts\/21733\/revisions"}],"predecessor-version":[{"id":21737,"href":"https:\/\/entretormentas.com\/index.php?rest_route=\/wp\/v2\/posts\/21733\/revisions\/21737"}],"wp:featuredmedia":[{"embeddable":true,"href":"https:\/\/entretormentas.com\/index.php?rest_route=\/wp\/v2\/media\/21736"}],"wp:attachment":[{"href":"https:\/\/entretormentas.com\/index.php?rest_route=%2Fwp%2Fv2%2Fmedia&parent=21733"}],"wp:term":[{"taxonomy":"category","embeddable":true,"href":"https:\/\/entretormentas.com\/index.php?rest_route=%2Fwp%2Fv2%2Fcategories&post=21733"},{"taxonomy":"post_tag","embeddable":true,"href":"https:\/\/entretormentas.com\/index.php?rest_route=%2Fwp%2Fv2%2Ftags&post=21733"}],"curies":[{"name":"wp","href":"https:\/\/api.w.org\/{rel}","templated":true}]}}