{"id":21738,"date":"2025-09-12T04:34:36","date_gmt":"2025-09-12T08:34:36","guid":{"rendered":"https:\/\/entretormentas.com\/?p=21738"},"modified":"2025-09-12T04:34:37","modified_gmt":"2025-09-12T08:34:37","slug":"rechazo-gremial-docentes-catalogan-como-insulto-pago-de-bs-125-por-bono-de-regreso-a-clases","status":"publish","type":"post","link":"https:\/\/entretormentas.com\/rechazo-gremial-docentes-catalogan-como-insulto-pago-de-bs-125-por-bono-de-regreso-a-clases\/","title":{"rendered":"\u00a1RECHAZO GREMIAL! Docentes catalogan como \u00abinsulto\u00bb pago de Bs. 12,5 por bono de regreso a clases"},"content":{"rendered":"\n<p><strong>ENTRE TORMENTAS. <\/strong>Maestros venezolanos expresaron su indignaci\u00f3n tras el pago de un bono de regreso a clases de apenas 12,5 bol\u00edvares -equivalente a ocho centavos de d\u00f3lar- y una quincena correspondiente a septiembre de 270 bol\u00edvares, menos de dos d\u00f3lares.<\/p>\n\n\n\n<p>En redes sociales, usuarios calificaron el bono como un \u2018insulto\u2019. \u201cAbonan la primera quincena del mes de septiembre, 270 bol\u00edvares, menos de 2 d\u00f3lares; y una mentada de madre, perd\u00f3n, un bono por inicio de a\u00f1o escolar de 12,5 bol\u00edvares\u201d, se\u00f1al\u00f3 un usuario de X.<\/p>\n\n\n\n<p>La molestia no se limita al monto de los pagos. Sectores del gremio docente tambi\u00e9n criticaron que las autoridades intentaron forzar la incorporaci\u00f3n de los maestros a las aulas desde esta semana, cuando la Ley Org\u00e1nica de Educaci\u00f3n establece como fecha oficial el 16 de septiembre.<\/p>\n\n\n\n<figure class=\"wp-block-image size-full\"><img fetchpriority=\"high\" decoding=\"async\" width=\"696\" height=\"464\" src=\"https:\/\/entretormentas.com\/wp-content\/uploads\/2025\/09\/clases2.jpeg\" alt=\"\" class=\"wp-image-21739\" srcset=\"https:\/\/entretormentas.com\/wp-content\/uploads\/2025\/09\/clases2.jpeg 696w, https:\/\/entretormentas.com\/wp-content\/uploads\/2025\/09\/clases2-300x200.jpeg 300w\" sizes=\"(max-width: 696px) 100vw, 696px\" \/><\/figure>\n\n\n\n<p>El gremio docente denunci\u00f3 en sus redes que los directores de las instituciones est\u00e1n siendo presionados por jefes municipales y calific\u00f3 estas acciones como una \u201cviolaci\u00f3n a las normativas contractuales\u201d.<\/p>\n\n\n\n<p>\u201cAyer compr\u00e9 un aguacate en 120 bol\u00edvares, un piment\u00f3n en 60 bol\u00edvares, cinco aj\u00edes en 58 bol\u00edvares, cuatro tomates en 52 bol\u00edvares, cuatro cebollitas en 39 bol\u00edvares. Ninguno de esos vegetales los podr\u00e1 comprar un maestro con lo que le abonaron esta quincena\u201d.<\/p>\n\n\n\n<p>En otros mensajes publicados en X, recordaron que los sueldos no alcanzan para transporte, ropa, comida o medicamentos.<\/p>\n\n\n\n<p>\u201cNo deber\u00edan los docentes incorporarse a trabajar. El sueldo mensual es de dos d\u00f3lares\u201d, escribi\u00f3 un usuario.<\/p>\n\n\n\n<p>Otra agreg\u00f3: \u201cPor eso renunci\u00e9 en el 2017. El d\u00eda que los maestros se molesten y act\u00faen con fuerza contra el color que cree que somos esclavos, se van a acabar las humillaciones\u201d.<\/p>\n\n\n\n<p><strong>Gremio docente exige mejoras<\/strong><br>El Sindicato de Trabajadores del Sistema Educativo del estado Lara solicit\u00f3 al ministro de Educaci\u00f3n, H\u00e9ctor Rodr\u00edguez, dar respuesta a las necesidades urgentes del gremio docente y del personal administrativo al inicio del nuevo a\u00f1o escolar.<\/p>\n\n\n\n<p>Carlos Jim\u00e9nez, representante sindical, subray\u00f3 como prioridades la entrega de cr\u00e9ditos a docentes con emprendimientos, la dotaci\u00f3n de viviendas para quienes carecen de ellas y el cumplimiento del Reglamento del Ejercicio de la Profesi\u00f3n Docente.<\/p>\n\n\n\n<figure class=\"wp-block-image size-full\"><img decoding=\"async\" width=\"677\" height=\"344\" src=\"https:\/\/entretormentas.com\/wp-content\/uploads\/2025\/09\/docentes1.jpg\" alt=\"\" class=\"wp-image-21740\" srcset=\"https:\/\/entretormentas.com\/wp-content\/uploads\/2025\/09\/docentes1.jpg 677w, https:\/\/entretormentas.com\/wp-content\/uploads\/2025\/09\/docentes1-300x152.jpg 300w\" sizes=\"(max-width: 677px) 100vw, 677px\" \/><\/figure>\n\n\n\n<p>\u201cSe nos deben reponer todos los derechos conculcados. Los colegas que no tengan vivienda deben ser dotados, y quienes tengan emprendimientos necesitan cr\u00e9ditos\u201d, afirm\u00f3 en declaraciones a Uni\u00f3n Radio.<\/p>\n\n\n\n<p>El sindicato tambi\u00e9n record\u00f3 que la incorporaci\u00f3n del personal educativo se realiza el 16 de septiembre, como lo establece la ley, y no con antelaci\u00f3n, como ocurri\u00f3 este a\u00f1o.<\/p>\n\n\n\n<p>Jim\u00e9nez denunci\u00f3 que el congelamiento de sueldos desde marzo de 2022 impacta directamente en el c\u00e1lculo de prestaciones sociales. Seg\u00fan explic\u00f3, actualmente oscilan entre 90 y 300 d\u00f3lares, sin incluir bonos adicionales como el de guerra econ\u00f3mica o el cestaticket.<\/p>\n\n\n\n<p>\u201cEsto atenta contra el patrimonio del trabajador, porque reciben sus prestaciones sociales con base en un sueldo de hace m\u00e1s de dos a\u00f1os\u201d, advirti\u00f3.<br><strong><em>ET \/ El Nacional<\/em><\/strong><\/p>\n\n\n\n<p><\/p>\n","protected":false},"excerpt":{"rendered":"<p>ENTRE TORMENTAS. Maestros venezolanos expresaron su indignaci\u00f3n tras el pago de un bono de regreso&#8230;<\/p>\n","protected":false},"author":2,"featured_media":21741,"comment_status":"closed","ping_status":"open","sticky":false,"template":"","format":"standard","meta":{"footnotes":""},"categories":[56,49],"tags":[],"class_list":["post-21738","post","type-post","status-publish","format-standard","has-post-thumbnail","hentry","category-destacadas","category-nacionales"],"_links":{"self":[{"href":"https:\/\/entretormentas.com\/index.php?rest_route=\/wp\/v2\/posts\/21738","targetHints":{"allow":["GET"]}}],"collection":[{"href":"https:\/\/entretormentas.com\/index.php?rest_route=\/wp\/v2\/posts"}],"about":[{"href":"https:\/\/entretormentas.com\/index.php?rest_route=\/wp\/v2\/types\/post"}],"author":[{"embeddable":true,"href":"https:\/\/entretormentas.com\/index.php?rest_route=\/wp\/v2\/users\/2"}],"replies":[{"embeddable":true,"href":"https:\/\/entretormentas.com\/index.php?rest_route=%2Fwp%2Fv2%2Fcomments&post=21738"}],"version-history":[{"count":1,"href":"https:\/\/entretormentas.com\/index.php?rest_route=\/wp\/v2\/posts\/21738\/revisions"}],"predecessor-version":[{"id":21742,"href":"https:\/\/entretormentas.com\/index.php?rest_route=\/wp\/v2\/posts\/21738\/revisions\/21742"}],"wp:featuredmedia":[{"embeddable":true,"href":"https:\/\/entretormentas.com\/index.php?rest_route=\/wp\/v2\/media\/21741"}],"wp:attachment":[{"href":"https:\/\/entretormentas.com\/index.php?rest_route=%2Fwp%2Fv2%2Fmedia&parent=21738"}],"wp:term":[{"taxonomy":"category","embeddable":true,"href":"https:\/\/entretormentas.com\/index.php?rest_route=%2Fwp%2Fv2%2Fcategories&post=21738"},{"taxonomy":"post_tag","embeddable":true,"href":"https:\/\/entretormentas.com\/index.php?rest_route=%2Fwp%2Fv2%2Ftags&post=21738"}],"curies":[{"name":"wp","href":"https:\/\/api.w.org\/{rel}","templated":true}]}}