{"id":21743,"date":"2025-09-12T04:42:54","date_gmt":"2025-09-12T08:42:54","guid":{"rendered":"https:\/\/entretormentas.com\/?p=21743"},"modified":"2025-09-12T04:42:55","modified_gmt":"2025-09-12T08:42:55","slug":"defensa-nacional-maduro-despliega-plan-independencia-200-ante-amenazas-de-eeuu","status":"publish","type":"post","link":"https:\/\/entretormentas.com\/defensa-nacional-maduro-despliega-plan-independencia-200-ante-amenazas-de-eeuu\/","title":{"rendered":"\u00a1DEFENSA NACIONAL! Maduro despliega Plan Independencia 200 ante amenazas de EEUU"},"content":{"rendered":"\n<p><strong>ENTRE TORMENTAS.<\/strong> El presidente Nicol\u00e1s Maduro orden\u00f3 la ma\u00f1ana de este jueves el despliegue de toda la Fuerza Armada Nacional, milicia y organismos policiales denominado Plan Independencia 200 en pro de la defensa del pa\u00eds ante las amenazas de Estados Unidos.<\/p>\n\n\n\n<p>Maduro reiter\u00f3 que el ejercicio c\u00edvico militar es \u00abpara estar preparado y si Venezuela fuese agredida activar la lucha armada\u00bb.<\/p>\n\n\n\n<p>\u00abSon 284 frentes de acci\u00f3n complementando las actividades de apresto operacional de la Fanb. Las Comunas est\u00e1n organizadas y preparadas para resguardar todos los frentes y estar alertas ante cualquier situaci\u00f3n irregular\u00bb, inform\u00f3 Maduro.<\/p>\n\n\n\n<p>El mandatario nacional hizo la activaci\u00f3n del plan desde el estado La Guaira, mientras que el ministro de Interior, Diosdado Cabello estaba en el despliegue en Falc\u00f3n y la vicepresidenta ejecutiva, Delcy Rodr\u00edguez en el estado Sucre.<\/p>\n\n\n\n<figure class=\"wp-block-image size-full\"><img fetchpriority=\"high\" decoding=\"async\" width=\"677\" height=\"374\" src=\"https:\/\/entretormentas.com\/wp-content\/uploads\/2025\/09\/madurin.jpeg\" alt=\"\" class=\"wp-image-21744\" srcset=\"https:\/\/entretormentas.com\/wp-content\/uploads\/2025\/09\/madurin.jpeg 677w, https:\/\/entretormentas.com\/wp-content\/uploads\/2025\/09\/madurin-300x166.jpeg 300w\" sizes=\"(max-width: 677px) 100vw, 677px\" \/><\/figure>\n\n\n\n<p>El operativo se extendi\u00f3 en varias regiones del pa\u00eds, donde destacan las costas de Falc\u00f3n, el Catatumbo zuliano, los Andes y el llano apure\u00f1o.<\/p>\n\n\n\n<p>\u00abLa orden est\u00e1 dada, nuestro destino, nuestra verdad es la paz, la independencia y la felicidad del pueblo como un derecho hist\u00f3rico\u00bb, reiter\u00f3.<\/p>\n\n\n\n<p>Por su parte, el ministro de Interior, Justicia y Paz, Diosdado Cabello resalt\u00f3 el \u00abgran ejercicio de movilizaci\u00f3n y ofensiva permanente\u00bb que activ\u00f3 el Ejecutivo la madrugada de este 11 de septiembre.<\/p>\n\n\n\n<p>\u00abLos enemigos de la patria, los de adentro y los que est\u00e1n afuera, tendr\u00e1n que entender que siempre que intenten agredir a nuestra patria ah\u00ed estaremos nosotros\u00ab, dijo en un video publicado en redes sociales.<\/p>\n\n\n\n<p>Cabello insisti\u00f3 en que \u00abquienes intenten horadar, romper, traicionar a la patria\u00bb recibir\u00e1 una respuesta del \u00abpueblo en resistencia permanente de lucha\u00bb.<br><strong><em>ET \/ Uni\u00f3n Radio<\/em><\/strong><\/p>\n\n\n\n<p><\/p>\n","protected":false},"excerpt":{"rendered":"<p>ENTRE TORMENTAS. El presidente Nicol\u00e1s Maduro orden\u00f3 la ma\u00f1ana de este jueves el despliegue de&#8230;<\/p>\n","protected":false},"author":2,"featured_media":21745,"comment_status":"closed","ping_status":"open","sticky":false,"template":"","format":"standard","meta":{"footnotes":""},"categories":[56,49],"tags":[],"class_list":["post-21743","post","type-post","status-publish","format-standard","has-post-thumbnail","hentry","category-destacadas","category-nacionales"],"_links":{"self":[{"href":"https:\/\/entretormentas.com\/index.php?rest_route=\/wp\/v2\/posts\/21743","targetHints":{"allow":["GET"]}}],"collection":[{"href":"https:\/\/entretormentas.com\/index.php?rest_route=\/wp\/v2\/posts"}],"about":[{"href":"https:\/\/entretormentas.com\/index.php?rest_route=\/wp\/v2\/types\/post"}],"author":[{"embeddable":true,"href":"https:\/\/entretormentas.com\/index.php?rest_route=\/wp\/v2\/users\/2"}],"replies":[{"embeddable":true,"href":"https:\/\/entretormentas.com\/index.php?rest_route=%2Fwp%2Fv2%2Fcomments&post=21743"}],"version-history":[{"count":1,"href":"https:\/\/entretormentas.com\/index.php?rest_route=\/wp\/v2\/posts\/21743\/revisions"}],"predecessor-version":[{"id":21746,"href":"https:\/\/entretormentas.com\/index.php?rest_route=\/wp\/v2\/posts\/21743\/revisions\/21746"}],"wp:featuredmedia":[{"embeddable":true,"href":"https:\/\/entretormentas.com\/index.php?rest_route=\/wp\/v2\/media\/21745"}],"wp:attachment":[{"href":"https:\/\/entretormentas.com\/index.php?rest_route=%2Fwp%2Fv2%2Fmedia&parent=21743"}],"wp:term":[{"taxonomy":"category","embeddable":true,"href":"https:\/\/entretormentas.com\/index.php?rest_route=%2Fwp%2Fv2%2Fcategories&post=21743"},{"taxonomy":"post_tag","embeddable":true,"href":"https:\/\/entretormentas.com\/index.php?rest_route=%2Fwp%2Fv2%2Ftags&post=21743"}],"curies":[{"name":"wp","href":"https:\/\/api.w.org\/{rel}","templated":true}]}}