{"id":21747,"date":"2025-09-14T18:32:08","date_gmt":"2025-09-14T22:32:08","guid":{"rendered":"https:\/\/entretormentas.com\/?p=21747"},"modified":"2025-09-14T18:32:09","modified_gmt":"2025-09-14T22:32:09","slug":"tras-la-explosion-en-san-francisco-fedecamaras-zulia-inspecciona-empresas-afectadas-y-se-solidariza-con-la-comunidad","status":"publish","type":"post","link":"https:\/\/entretormentas.com\/tras-la-explosion-en-san-francisco-fedecamaras-zulia-inspecciona-empresas-afectadas-y-se-solidariza-con-la-comunidad\/","title":{"rendered":"\u00a1TRAS LA EXPLOSI\u00d3N EN SAN FRANCISCO! Fedec\u00e1maras Zulia inspecciona empresas afectadas y se solidariza con la comunidad"},"content":{"rendered":"\n<p><strong>ENTRE TORMENTAS.<\/strong> El presidente de la Federaci\u00f3n de C\u00e1maras y Asociaciones de Comercio y Producci\u00f3n del Estado Zulia (Fedec\u00e1maras Zulia), Pa\u00fal M\u00e1rquez, en conjunto con H\u00e9ctor Siu, presidente de CEZIMAR, realizaron una visita la ma\u00f1ana de este viernes 12 de septiembre en las adyacencias de la Zona Industrial del municipio San Francisco, tras el lamentable hecho registrado el d\u00eda de ayer, jueves 11 de septiembre.<\/p>\n\n\n\n<p>El recorrido tuvo como prop\u00f3sito principal examinar las \u00e1reas afectadas por el estallido de un galp\u00f3n de pirotecnia, donde hacen vida importantes empresas del sector industrial afiliadas a la C\u00e1mara Empresarial de la Zona Industrial de Maracaibo y San Francisco (CEZIMAR), c\u00e1mara base de la Federaci\u00f3n.<\/p>\n\n\n\n<p>Desde Fedec\u00e1maras Zulia, lamentamos profundamente este incidente que dej\u00f3 un saldo de 48 heridos, de los cuales afortunadamente 46 ya han sido dados de alta.<\/p>\n\n\n\n<p>Extendemos nuestra solidaridad a sus familias, as\u00ed como a los propietarios de las 482 viviendas que sufrieron da\u00f1os.<\/p>\n\n\n\n<figure class=\"wp-block-image size-full\"><img fetchpriority=\"high\" decoding=\"async\" width=\"720\" height=\"682\" src=\"https:\/\/entretormentas.com\/wp-content\/uploads\/2025\/09\/fedeexplo2.jpeg\" alt=\"\" class=\"wp-image-21755\" srcset=\"https:\/\/entretormentas.com\/wp-content\/uploads\/2025\/09\/fedeexplo2.jpeg 720w, https:\/\/entretormentas.com\/wp-content\/uploads\/2025\/09\/fedeexplo2-300x284.jpeg 300w\" sizes=\"(max-width: 720px) 100vw, 720px\" \/><\/figure>\n\n\n\n<p>La explosi\u00f3n tambi\u00e9n caus\u00f3 un impacto significativo en el sector empresarial, afectando las estructuras f\u00edsicas de un n\u00famero considerable de compa\u00f1\u00edas.<\/p>\n\n\n\n<p>\u00abNuestra primera palabra es de solidaridad con los heridos y con toda la comunidad afectada por este lamentable suceso. Estamos aqu\u00ed para constatar los da\u00f1os, pero sobre todo, para ofrecer nuestro apoyo incondicional a los empresarios que vieron su patrimonio y el esfuerzo de a\u00f1os impactados\u00bb, declar\u00f3 el presidente de Fedec\u00e1maras Zulia durante la visita.<\/p>\n\n\n\n<p>El l\u00edder gremial inform\u00f3 que el objetivo de la inspecci\u00f3n es levantar una data detallada que registre toda la informaci\u00f3n de las empresas afectadas.<\/p>\n\n\n\n<p>\u00abEste diagn\u00f3stico nos permitir\u00e1 cuantificar las p\u00e9rdidas y articular un plan de trabajo enfocado en la pronta recuperaci\u00f3n de las operaciones industriales y comerciales en esta vital zona para el estado\u00bb, puntualiz\u00f3.<\/p>\n\n\n\n<p>Fedec\u00e1maras Zulia, en conjunto con CEZIMAR, se compromete a trabajar de la mano con sus afiliados para superar esta adversidad y contribuir a la reactivaci\u00f3n del aparato productivo afectado.<br><strong><em>ET \/ Nota de Prensa<\/em><\/strong><\/p>\n\n\n\n<p><\/p>\n","protected":false},"excerpt":{"rendered":"<p>ENTRE TORMENTAS. El presidente de la Federaci\u00f3n de C\u00e1maras y Asociaciones de Comercio y Producci\u00f3n&#8230;<\/p>\n","protected":false},"author":2,"featured_media":21756,"comment_status":"closed","ping_status":"open","sticky":false,"template":"","format":"standard","meta":{"footnotes":""},"categories":[57,1],"tags":[],"class_list":["post-21747","post","type-post","status-publish","format-standard","has-post-thumbnail","hentry","category-actualidad","category-regionales"],"_links":{"self":[{"href":"https:\/\/entretormentas.com\/index.php?rest_route=\/wp\/v2\/posts\/21747","targetHints":{"allow":["GET"]}}],"collection":[{"href":"https:\/\/entretormentas.com\/index.php?rest_route=\/wp\/v2\/posts"}],"about":[{"href":"https:\/\/entretormentas.com\/index.php?rest_route=\/wp\/v2\/types\/post"}],"author":[{"embeddable":true,"href":"https:\/\/entretormentas.com\/index.php?rest_route=\/wp\/v2\/users\/2"}],"replies":[{"embeddable":true,"href":"https:\/\/entretormentas.com\/index.php?rest_route=%2Fwp%2Fv2%2Fcomments&post=21747"}],"version-history":[{"count":1,"href":"https:\/\/entretormentas.com\/index.php?rest_route=\/wp\/v2\/posts\/21747\/revisions"}],"predecessor-version":[{"id":21757,"href":"https:\/\/entretormentas.com\/index.php?rest_route=\/wp\/v2\/posts\/21747\/revisions\/21757"}],"wp:featuredmedia":[{"embeddable":true,"href":"https:\/\/entretormentas.com\/index.php?rest_route=\/wp\/v2\/media\/21756"}],"wp:attachment":[{"href":"https:\/\/entretormentas.com\/index.php?rest_route=%2Fwp%2Fv2%2Fmedia&parent=21747"}],"wp:term":[{"taxonomy":"category","embeddable":true,"href":"https:\/\/entretormentas.com\/index.php?rest_route=%2Fwp%2Fv2%2Fcategories&post=21747"},{"taxonomy":"post_tag","embeddable":true,"href":"https:\/\/entretormentas.com\/index.php?rest_route=%2Fwp%2Fv2%2Ftags&post=21747"}],"curies":[{"name":"wp","href":"https:\/\/api.w.org\/{rel}","templated":true}]}}