{"id":21758,"date":"2025-09-14T18:38:04","date_gmt":"2025-09-14T22:38:04","guid":{"rendered":"https:\/\/entretormentas.com\/?p=21758"},"modified":"2025-09-14T18:38:05","modified_gmt":"2025-09-14T22:38:05","slug":"ana-clara-de-dimartino-alcaldia-de-maracaibo-extendera-jornadas-sociales-a-todas-las-parroquias","status":"publish","type":"post","link":"https:\/\/entretormentas.com\/ana-clara-de-dimartino-alcaldia-de-maracaibo-extendera-jornadas-sociales-a-todas-las-parroquias\/","title":{"rendered":"ANA CLARA DE DIMARTINO: \u00abAlcald\u00eda de Maracaibo extender\u00e1 jornadas sociales a todas las parroquias\u00bb"},"content":{"rendered":"\n<p><strong>ENTRE TORMENTAS. <\/strong>\u201cLas jornadas sociales van a continuar. En esta oportunidad m\u00e1s de 100 familias recibieron beneficios, y estas acciones llegaran a todas las parroquias de Maracaibo, afirm\u00f3 Ana Clara de Di Martino, primera dama y directora de la Direcci\u00f3n de Desarrollo Social de la Alcald\u00eda de Maracaibo.<\/p>\n\n\n\n<p>La jornada de distribuci\u00f3n de ayudas t\u00e9cnicas tuvo como prioridad atender a familias vulnerables; \u00abporque nos debemos a la gente y aqu\u00ed estamos\u201d, agreg\u00f3 Ana de Di Martino.<\/p>\n\n\n\n<p>Esta iniciativa se enmarca en la celebraci\u00f3n del 496 aniversario de Maracaibo y refleja el compromiso social de la alcald\u00eda, en alianza con la empresa privada, para atender a la poblaci\u00f3n vulnerable.<\/p>\n\n\n\n<p><strong>AMPLIAR COBERTURA<\/strong><br>Asimismo, se destac\u00f3 la intenci\u00f3n de ampliar la cobertura de estas ayudas y de coordinar con otras instituciones del sector salud, reconociendo que, a pesar de los avances, \u201ca\u00fan hay mucho por hacer\u201d, precis\u00f3 la directora de Desarrollo Social.<\/p>\n\n\n\n<figure class=\"wp-block-image size-large\"><img fetchpriority=\"high\" decoding=\"async\" width=\"1024\" height=\"815\" src=\"https:\/\/entretormentas.com\/wp-content\/uploads\/2025\/09\/claritas2-1024x815.jpeg\" alt=\"\" class=\"wp-image-21759\" srcset=\"https:\/\/entretormentas.com\/wp-content\/uploads\/2025\/09\/claritas2-1024x815.jpeg 1024w, https:\/\/entretormentas.com\/wp-content\/uploads\/2025\/09\/claritas2-300x239.jpeg 300w, https:\/\/entretormentas.com\/wp-content\/uploads\/2025\/09\/claritas2-768x611.jpeg 768w, https:\/\/entretormentas.com\/wp-content\/uploads\/2025\/09\/claritas2.jpeg 1280w\" sizes=\"(max-width: 1024px) 100vw, 1024px\" \/><\/figure>\n\n\n\n<p>Refiri\u00f3 que este es un compromiso social que asumimos desde la campa\u00f1a y hoy se materializa en este acto colectivo, incorporando la responsabilidad social de las empresas privadas para brindar apoyo y alivio a quienes m\u00e1s lo necesitan. Esto es lo que la Alcald\u00eda de Maracaibo, en su parte asistencial, quiere hacer por nuestra gente\u201d, agreg\u00f3 De Di Martino.<\/p>\n\n\n\n<p><strong>TR\u00c1MITES A SEGUIR<\/strong><br>Las solicitudes para optar a una ayuda social se tramitan mediante una carta o misiva entregada a la Direcci\u00f3n de Desarrollo Social. Estas son procesadas e incorporadas en un banco de datos. Cada requerimiento es considerado importante y atendido con seriedad, sin ser desestimado.<\/p>\n\n\n\n<p>\u201cLa Alcald\u00eda de Maracaibo, a trav\u00e9s de su brazo social y asistencial, busca dar respuesta a las necesidades de la poblaci\u00f3n vulnerable, coordinando tambi\u00e9n con instituciones de la ciudad y con la Gobernaci\u00f3n del estado Zulia para ampliar el alcance de la atenci\u00f3n\u201d, subray\u00f3 la primera dama.<\/p>\n\n\n\n<p>Finalmente, record\u00f3 que apenas se cumple un mes de gesti\u00f3n: \u201cy como dice Gian Carlos, todav\u00eda estamos en deuda; a\u00fan falta, pero vamos avanzando\u201d.<br><strong><em>ET \/ Prensa Alcald\u00eda de Maracaibo<\/em><\/strong><\/p>\n\n\n\n<p><\/p>\n","protected":false},"excerpt":{"rendered":"<p>ENTRE TORMENTAS. \u201cLas jornadas sociales van a continuar. En esta oportunidad m\u00e1s de 100 familias&#8230;<\/p>\n","protected":false},"author":2,"featured_media":21760,"comment_status":"closed","ping_status":"open","sticky":false,"template":"","format":"standard","meta":{"footnotes":""},"categories":[57,1],"tags":[],"class_list":["post-21758","post","type-post","status-publish","format-standard","has-post-thumbnail","hentry","category-actualidad","category-regionales"],"_links":{"self":[{"href":"https:\/\/entretormentas.com\/index.php?rest_route=\/wp\/v2\/posts\/21758","targetHints":{"allow":["GET"]}}],"collection":[{"href":"https:\/\/entretormentas.com\/index.php?rest_route=\/wp\/v2\/posts"}],"about":[{"href":"https:\/\/entretormentas.com\/index.php?rest_route=\/wp\/v2\/types\/post"}],"author":[{"embeddable":true,"href":"https:\/\/entretormentas.com\/index.php?rest_route=\/wp\/v2\/users\/2"}],"replies":[{"embeddable":true,"href":"https:\/\/entretormentas.com\/index.php?rest_route=%2Fwp%2Fv2%2Fcomments&post=21758"}],"version-history":[{"count":1,"href":"https:\/\/entretormentas.com\/index.php?rest_route=\/wp\/v2\/posts\/21758\/revisions"}],"predecessor-version":[{"id":21761,"href":"https:\/\/entretormentas.com\/index.php?rest_route=\/wp\/v2\/posts\/21758\/revisions\/21761"}],"wp:featuredmedia":[{"embeddable":true,"href":"https:\/\/entretormentas.com\/index.php?rest_route=\/wp\/v2\/media\/21760"}],"wp:attachment":[{"href":"https:\/\/entretormentas.com\/index.php?rest_route=%2Fwp%2Fv2%2Fmedia&parent=21758"}],"wp:term":[{"taxonomy":"category","embeddable":true,"href":"https:\/\/entretormentas.com\/index.php?rest_route=%2Fwp%2Fv2%2Fcategories&post=21758"},{"taxonomy":"post_tag","embeddable":true,"href":"https:\/\/entretormentas.com\/index.php?rest_route=%2Fwp%2Fv2%2Ftags&post=21758"}],"curies":[{"name":"wp","href":"https:\/\/api.w.org\/{rel}","templated":true}]}}