{"id":21762,"date":"2025-09-14T18:46:19","date_gmt":"2025-09-14T22:46:19","guid":{"rendered":"https:\/\/entretormentas.com\/?p=21762"},"modified":"2025-09-14T18:46:20","modified_gmt":"2025-09-14T22:46:20","slug":"no-los-vamos-a-dejar-solos-alcalde-soto-supervisa-despliegue-integral-en-zona-afectada-por-explosion","status":"publish","type":"post","link":"https:\/\/entretormentas.com\/no-los-vamos-a-dejar-solos-alcalde-soto-supervisa-despliegue-integral-en-zona-afectada-por-explosion\/","title":{"rendered":"\u00abNO LOS VAMOS A DEJAR SOLOS\u00bb: Alcalde Soto supervisa despliegue integral en zona afectada por explosi\u00f3n"},"content":{"rendered":"\n<p><strong>ENTRE TORMENTAS. <\/strong>En el marco de la atenci\u00f3n inmediata tras la explosi\u00f3n ocurrida en la empresa de fuegos artificiales \u201cGallo Verde\u201d, el Alcalde del municipio San Francisco, H\u00e9ctor Soto, se traslad\u00f3 este viernes al centro de acopio instalado en la zona industrial, en la cancha de la estaci\u00f3n de Bomberos de San Francisco, donde encabez\u00f3 el despliegue de un equipo multidisciplinario orientado a brindar atenci\u00f3n directa a las familias afectadas.<\/p>\n\n\n\n<p>Acompa\u00f1ado por m\u00e9dicos del programa Barrio Adentro, brigadas del sector salud, equipos de Desarrollo Social tanto de la Alcald\u00eda como de la Gobernaci\u00f3n del estado Zulia, personal t\u00e9cnico del \u00e1rea de infraestructura y representantes del Ministerio del Poder Popular para H\u00e1bitat y Vivienda, as\u00ed como concejales de la patria, Soto supervis\u00f3 el despliegue de un censo detallado de los ciudadanos impactados por la emergencia, con el objetivo de garantizar que cada necesidad sea atendida con precisi\u00f3n y humanidad.<\/p>\n\n\n\n<p>El operativo incluye atenci\u00f3n m\u00e9dica, distribuci\u00f3n de alimentos, evaluaci\u00f3n estructural de las viviendas, y acompa\u00f1amiento psicosocial, en articulaci\u00f3n con el Sistema de Prevenci\u00f3n del Gobierno Bolivariano y el Sistema Nacional De Salud. En paralelo, se mantiene activo el dispositivo de seguridad y protecci\u00f3n civil en toda la zona.<\/p>\n\n\n\n<figure class=\"wp-block-image size-large\"><img fetchpriority=\"high\" decoding=\"async\" width=\"1024\" height=\"683\" src=\"https:\/\/entretormentas.com\/wp-content\/uploads\/2025\/09\/sotin3-1024x683.jpeg\" alt=\"\" class=\"wp-image-21763\" srcset=\"https:\/\/entretormentas.com\/wp-content\/uploads\/2025\/09\/sotin3-1024x683.jpeg 1024w, https:\/\/entretormentas.com\/wp-content\/uploads\/2025\/09\/sotin3-300x200.jpeg 300w, https:\/\/entretormentas.com\/wp-content\/uploads\/2025\/09\/sotin3-768x512.jpeg 768w, https:\/\/entretormentas.com\/wp-content\/uploads\/2025\/09\/sotin3.jpeg 1080w\" sizes=\"(max-width: 1024px) 100vw, 1024px\" \/><\/figure>\n\n\n\n<p>Desde la Comuna \u201cLos Hijos del Comandante Ch\u00e1vez\u201d Soto inform\u00f3 que en las pr\u00f3ximas horas se estar\u00e1n llevando a cabo reuniones interinstitucionales para definir nuevas acciones y tomar decisiones que permitan avanzar en la recuperaci\u00f3n integral del sector. \u201cEstamos realizando una inspecci\u00f3n para diagnosticar caso a caso cual ha sido el impacto generado por la explosi\u00f3n en esta primera fase creando un equipo multidisciplinario entre la gobernaci\u00f3n, la alcald\u00eda y el poder popular\u201d, afirm\u00f3.<\/p>\n\n\n\n<p>Norelys Bracho, habitante del parcelamiento Agua Viva, uno de los sectores aleda\u00f1os al epicentro de la explosi\u00f3n, fue una de los que expres\u00f3 su gratitud hacia cada una de las personas y organismos de gobierno regional y municipal por el apoyo que les han prestado y reafirmo que \u201cPara la gloria de Dios ninguna familia tuvo v\u00edctimas fatales. Algunos quemados y lesionados, que ya fueron atendidos, pero ning\u00fan muerto\u201d.<\/p>\n\n\n\n<p>La Alcald\u00eda de San Francisco reitera su compromiso con el pueblo y exhorta a la ciudadan\u00eda a mantenerse informada a trav\u00e9s de los canales oficiales, mientras se contin\u00faa con el proceso de investigaci\u00f3n sobre las causas del siniestro.<br><strong><em>ET \/ Prensa Alcald\u00eda de San Francisco<\/em><\/strong><\/p>\n","protected":false},"excerpt":{"rendered":"<p>ENTRE TORMENTAS. En el marco de la atenci\u00f3n inmediata tras la explosi\u00f3n ocurrida en la&#8230;<\/p>\n","protected":false},"author":2,"featured_media":21764,"comment_status":"closed","ping_status":"open","sticky":false,"template":"","format":"standard","meta":{"footnotes":""},"categories":[57,1],"tags":[],"class_list":["post-21762","post","type-post","status-publish","format-standard","has-post-thumbnail","hentry","category-actualidad","category-regionales"],"_links":{"self":[{"href":"https:\/\/entretormentas.com\/index.php?rest_route=\/wp\/v2\/posts\/21762","targetHints":{"allow":["GET"]}}],"collection":[{"href":"https:\/\/entretormentas.com\/index.php?rest_route=\/wp\/v2\/posts"}],"about":[{"href":"https:\/\/entretormentas.com\/index.php?rest_route=\/wp\/v2\/types\/post"}],"author":[{"embeddable":true,"href":"https:\/\/entretormentas.com\/index.php?rest_route=\/wp\/v2\/users\/2"}],"replies":[{"embeddable":true,"href":"https:\/\/entretormentas.com\/index.php?rest_route=%2Fwp%2Fv2%2Fcomments&post=21762"}],"version-history":[{"count":1,"href":"https:\/\/entretormentas.com\/index.php?rest_route=\/wp\/v2\/posts\/21762\/revisions"}],"predecessor-version":[{"id":21765,"href":"https:\/\/entretormentas.com\/index.php?rest_route=\/wp\/v2\/posts\/21762\/revisions\/21765"}],"wp:featuredmedia":[{"embeddable":true,"href":"https:\/\/entretormentas.com\/index.php?rest_route=\/wp\/v2\/media\/21764"}],"wp:attachment":[{"href":"https:\/\/entretormentas.com\/index.php?rest_route=%2Fwp%2Fv2%2Fmedia&parent=21762"}],"wp:term":[{"taxonomy":"category","embeddable":true,"href":"https:\/\/entretormentas.com\/index.php?rest_route=%2Fwp%2Fv2%2Fcategories&post=21762"},{"taxonomy":"post_tag","embeddable":true,"href":"https:\/\/entretormentas.com\/index.php?rest_route=%2Fwp%2Fv2%2Ftags&post=21762"}],"curies":[{"name":"wp","href":"https:\/\/api.w.org\/{rel}","templated":true}]}}