{"id":21770,"date":"2025-09-14T18:54:14","date_gmt":"2025-09-14T22:54:14","guid":{"rendered":"https:\/\/entretormentas.com\/?p=21770"},"modified":"2025-09-14T18:54:15","modified_gmt":"2025-09-14T22:54:15","slug":"se-busca-un-dt-arango-dice-que-vizcarrondo-pudiera-ser-el-tecnico-que-necesita-la-vinotinto","status":"publish","type":"post","link":"https:\/\/entretormentas.com\/se-busca-un-dt-arango-dice-que-vizcarrondo-pudiera-ser-el-tecnico-que-necesita-la-vinotinto\/","title":{"rendered":"\u00a1SE BUSCA UN DT! Arango dice que Vizcarrondo pudiera ser el t\u00e9cnico que necesita La Vinotinto"},"content":{"rendered":"\n<p><strong>ENTRE TORMENTAS. <\/strong>El astro del f\u00fatbol venezolano, Juan Arango, consider\u00f3 que Oswaldo Vizcarrondo pudiera ser el hombre que necesita actualmente la Vinotinto para asumir el proyecto de intentar llevar a la selecci\u00f3n para el Mundial de 2030.<\/p>\n\n\n\n<p>\u00abOswaldo ha hecho un gran trabajo, meti\u00f3 a la sub-17 a un Mundial, mostrando un buen f\u00fatbol, mostrando un orden de juego incre\u00edble y lo puede hacer con la mayor. Si lo escogen a \u00e9l ser\u00eda grandioso\u00bb, dijo el exjugador de la Vinotinto en declaraciones a Meridiano.<\/p>\n\n\n\n<p>No obstante, se\u00f1al\u00f3 que actualmente hay otros nombres junto al de Vizcarrondo sobre la mesa. \u00abCreo que tambi\u00e9n est\u00e1 C\u00e9sar Far\u00edas, por ah\u00ed vi que puede estar Rafael Dudamel tambi\u00e9n. Creo que hay un extranjero Gareca\u00bb.<\/p>\n\n\n\n<figure class=\"wp-block-image size-full\"><img fetchpriority=\"high\" decoding=\"async\" width=\"860\" height=\"463\" src=\"https:\/\/entretormentas.com\/wp-content\/uploads\/2025\/09\/vizca2.jpeg\" alt=\"\" class=\"wp-image-21771\" srcset=\"https:\/\/entretormentas.com\/wp-content\/uploads\/2025\/09\/vizca2.jpeg 860w, https:\/\/entretormentas.com\/wp-content\/uploads\/2025\/09\/vizca2-300x162.jpeg 300w, https:\/\/entretormentas.com\/wp-content\/uploads\/2025\/09\/vizca2-768x413.jpeg 768w\" sizes=\"(max-width: 860px) 100vw, 860px\" \/><\/figure>\n\n\n\n<p>A pesar de esto, insisti\u00f3 en la confianza hacia su excompa\u00f1ero de selecci\u00f3n. \u00abSi es Vizcarrondo, obviamente jug\u00f3 conmigo y s\u00e9 las capacidades de \u00e9l y lo ha demostrado en la Sub-17 y si est\u00e1 con la mayor lo va a seguir demostrando\u00bb.<\/p>\n\n\n\n<p><strong>CAMBIO DE MENTALIDAD<\/strong><br>Por otra parte, en cuanto a lo futbol\u00edstico, Arango consider\u00f3 que quien tome las riendas de la Vinotinto debe darle m\u00e1s confianza al talento con el que cuenta.<\/p>\n\n\n\n<p>\u00abObviamente no estamos contentos con la forma en que se ha jugado y la forma en la que se ha perdido. Yo conf\u00edo en que hay grand\u00edsimos jugadores, hay mucho talento en la selecci\u00f3n y es hora de que exploten\u00bb, indic\u00f3.<\/p>\n\n\n\n<p>En este sentido, consider\u00f3 que probablemente no se han explotado debidamente las cualidades de cada jugador en la selecci\u00f3n. \u00abDe repente no le han tenido la confianza suficiente a cada jugador que hay porque t\u00fa te pones a ver, est\u00e1 Savarino, Soteldo, de mitad de campo hacia adelante hay un equipazo\u00bb.<br><strong><em>ET \/ Meridiano<\/em><\/strong><\/p>\n","protected":false},"excerpt":{"rendered":"<p>ENTRE TORMENTAS. El astro del f\u00fatbol venezolano, Juan Arango, consider\u00f3 que Oswaldo Vizcarrondo pudiera ser&#8230;<\/p>\n","protected":false},"author":2,"featured_media":21772,"comment_status":"closed","ping_status":"open","sticky":false,"template":"","format":"standard","meta":{"footnotes":""},"categories":[53,56],"tags":[],"class_list":["post-21770","post","type-post","status-publish","format-standard","has-post-thumbnail","hentry","category-deportes","category-destacadas"],"_links":{"self":[{"href":"https:\/\/entretormentas.com\/index.php?rest_route=\/wp\/v2\/posts\/21770","targetHints":{"allow":["GET"]}}],"collection":[{"href":"https:\/\/entretormentas.com\/index.php?rest_route=\/wp\/v2\/posts"}],"about":[{"href":"https:\/\/entretormentas.com\/index.php?rest_route=\/wp\/v2\/types\/post"}],"author":[{"embeddable":true,"href":"https:\/\/entretormentas.com\/index.php?rest_route=\/wp\/v2\/users\/2"}],"replies":[{"embeddable":true,"href":"https:\/\/entretormentas.com\/index.php?rest_route=%2Fwp%2Fv2%2Fcomments&post=21770"}],"version-history":[{"count":1,"href":"https:\/\/entretormentas.com\/index.php?rest_route=\/wp\/v2\/posts\/21770\/revisions"}],"predecessor-version":[{"id":21773,"href":"https:\/\/entretormentas.com\/index.php?rest_route=\/wp\/v2\/posts\/21770\/revisions\/21773"}],"wp:featuredmedia":[{"embeddable":true,"href":"https:\/\/entretormentas.com\/index.php?rest_route=\/wp\/v2\/media\/21772"}],"wp:attachment":[{"href":"https:\/\/entretormentas.com\/index.php?rest_route=%2Fwp%2Fv2%2Fmedia&parent=21770"}],"wp:term":[{"taxonomy":"category","embeddable":true,"href":"https:\/\/entretormentas.com\/index.php?rest_route=%2Fwp%2Fv2%2Fcategories&post=21770"},{"taxonomy":"post_tag","embeddable":true,"href":"https:\/\/entretormentas.com\/index.php?rest_route=%2Fwp%2Fv2%2Ftags&post=21770"}],"curies":[{"name":"wp","href":"https:\/\/api.w.org\/{rel}","templated":true}]}}