{"id":21785,"date":"2025-09-14T19:13:48","date_gmt":"2025-09-14T23:13:48","guid":{"rendered":"https:\/\/entretormentas.com\/?p=21785"},"modified":"2025-09-14T19:13:49","modified_gmt":"2025-09-14T23:13:49","slug":"accion-completa-gobernacion-del-zulia-continua-con-el-plan-de-recuperacion-de-espacios-publicos","status":"publish","type":"post","link":"https:\/\/entretormentas.com\/accion-completa-gobernacion-del-zulia-continua-con-el-plan-de-recuperacion-de-espacios-publicos\/","title":{"rendered":"\u00a1ACCI\u00d3N COMPLETA! Gobernaci\u00f3n del Zulia contin\u00faa con el Plan de recuperaci\u00f3n de espacios p\u00fablicos"},"content":{"rendered":"\n<p><strong>ENTRE TORMENTAS. <\/strong>El Plan de recuperaci\u00f3n y embellecimiento de espacios p\u00fablicos puesto en marcha por la Gobernaci\u00f3n del Zulia, a trav\u00e9s de la Secretar\u00eda de Ambiente, contin\u00faa fortaleci\u00e9ndose con acciones centradas en la mejora de \u00e1reas de recreaci\u00f3n y educativas entre otras, demostrando el compromiso del Gobernador Luis Caldera con el bienestar y la calidad de vida de las zulianas y los zulianos.<\/p>\n\n\n\n<p>Las labores de limpieza general y recolecci\u00f3n de desechos, desmalezamiento, poda correctiva y barrido manual llegaron al Colegio Ram\u00f3n Reinoso N\u00fa\u00f1ez, ubicado en la parroquia Caracciolo Parra P\u00e9rez. El equipo de trabajo se despleg\u00f3 para el saneamiento de sus instalaciones, desmalezando las \u00e1reas verdes y realizando una limpieza en las \u00e1reas comunes.<\/p>\n\n\n\n<p>Estas acciones no solo mejoran la est\u00e9tica del plantel, sino que tambi\u00e9n contribuyen a crear un entorno m\u00e1s higi\u00e9nico y seguro para la comunidad educativa, fundamental para el regreso a clases e inicio de las actividades administrativas este pr\u00f3ximo lunes 15 de septiembre.<\/p>\n\n\n\n<figure class=\"wp-block-image size-large\"><img fetchpriority=\"high\" decoding=\"async\" width=\"1024\" height=\"768\" src=\"https:\/\/entretormentas.com\/wp-content\/uploads\/2025\/09\/gobeaccion2-1024x768.jpeg\" alt=\"\" class=\"wp-image-21786\" srcset=\"https:\/\/entretormentas.com\/wp-content\/uploads\/2025\/09\/gobeaccion2-1024x768.jpeg 1024w, https:\/\/entretormentas.com\/wp-content\/uploads\/2025\/09\/gobeaccion2-300x225.jpeg 300w, https:\/\/entretormentas.com\/wp-content\/uploads\/2025\/09\/gobeaccion2-768x576.jpeg 768w, https:\/\/entretormentas.com\/wp-content\/uploads\/2025\/09\/gobeaccion2.jpeg 1040w\" sizes=\"(max-width: 1024px) 100vw, 1024px\" \/><\/figure>\n\n\n\n<p>A la Vereda del Lago 2, uno de los pulmones urbanos de Maracaibo, tambi\u00e9n se trasladaron las cuadrillas de la Secretar\u00eda de Ambiente. Los trabajos se enfocaron en dos frentes claves: la jornada de recolecci\u00f3n de desechos vegetales y la puesta en funcionamiento del sistema de riego del parque infantil.<\/p>\n\n\n\n<p>La recolecci\u00f3n de desechos, como hojas secas y ramas, es vital para mantener la limpieza y el ornato del parque, mientras que la reactivaci\u00f3n del sistema de riego es esencial para la salud y vitalidad de las \u00e1reas verdes, permitiendo que los jardines y el c\u00e9sped se mantengan en \u00f3ptimas condiciones para el disfrute de los visitantes.<\/p>\n\n\n\n<p>Estas jornadas de trabajo reflejan el enfoque ecosocialista de la Gobernaci\u00f3n Bolivariana del Zulia y que responde a las pol\u00edticas del gobierno del presidente Nicol\u00e1s Maduro, para la recuperaci\u00f3n de espacios p\u00fablicos, priorizando el entorno educativo y tambi\u00e9n las \u00e1reas de esparcimiento. Estas acciones no solo embellecen la ciudad, sino que tambi\u00e9n fomentan un mayor sentido de pertenencia y cuidado al ecosistema.<br><strong><em>ET \/ Nota de Prensa<\/em><\/strong><\/p>\n","protected":false},"excerpt":{"rendered":"<p>ENTRE TORMENTAS. El Plan de recuperaci\u00f3n y embellecimiento de espacios p\u00fablicos puesto en marcha por&#8230;<\/p>\n","protected":false},"author":2,"featured_media":21787,"comment_status":"closed","ping_status":"open","sticky":false,"template":"","format":"standard","meta":{"footnotes":""},"categories":[57,1],"tags":[],"class_list":["post-21785","post","type-post","status-publish","format-standard","has-post-thumbnail","hentry","category-actualidad","category-regionales"],"_links":{"self":[{"href":"https:\/\/entretormentas.com\/index.php?rest_route=\/wp\/v2\/posts\/21785","targetHints":{"allow":["GET"]}}],"collection":[{"href":"https:\/\/entretormentas.com\/index.php?rest_route=\/wp\/v2\/posts"}],"about":[{"href":"https:\/\/entretormentas.com\/index.php?rest_route=\/wp\/v2\/types\/post"}],"author":[{"embeddable":true,"href":"https:\/\/entretormentas.com\/index.php?rest_route=\/wp\/v2\/users\/2"}],"replies":[{"embeddable":true,"href":"https:\/\/entretormentas.com\/index.php?rest_route=%2Fwp%2Fv2%2Fcomments&post=21785"}],"version-history":[{"count":1,"href":"https:\/\/entretormentas.com\/index.php?rest_route=\/wp\/v2\/posts\/21785\/revisions"}],"predecessor-version":[{"id":21788,"href":"https:\/\/entretormentas.com\/index.php?rest_route=\/wp\/v2\/posts\/21785\/revisions\/21788"}],"wp:featuredmedia":[{"embeddable":true,"href":"https:\/\/entretormentas.com\/index.php?rest_route=\/wp\/v2\/media\/21787"}],"wp:attachment":[{"href":"https:\/\/entretormentas.com\/index.php?rest_route=%2Fwp%2Fv2%2Fmedia&parent=21785"}],"wp:term":[{"taxonomy":"category","embeddable":true,"href":"https:\/\/entretormentas.com\/index.php?rest_route=%2Fwp%2Fv2%2Fcategories&post=21785"},{"taxonomy":"post_tag","embeddable":true,"href":"https:\/\/entretormentas.com\/index.php?rest_route=%2Fwp%2Fv2%2Ftags&post=21785"}],"curies":[{"name":"wp","href":"https:\/\/api.w.org\/{rel}","templated":true}]}}