{"id":21789,"date":"2025-09-14T19:20:02","date_gmt":"2025-09-14T23:20:02","guid":{"rendered":"https:\/\/entretormentas.com\/?p=21789"},"modified":"2025-09-14T19:26:09","modified_gmt":"2025-09-14T23:26:09","slug":"en-el-dia-internacional-de-la-arepa-unt-zulia-comparte-amor-union-y-solidaridad-con-la-comunidad-de-jesus-de-nazareth","status":"publish","type":"post","link":"https:\/\/entretormentas.com\/en-el-dia-internacional-de-la-arepa-unt-zulia-comparte-amor-union-y-solidaridad-con-la-comunidad-de-jesus-de-nazareth\/","title":{"rendered":"\u00a1EN EL D\u00cdA INTERNACIONAL DE LA AREPA! UNT Zulia comparte amor, uni\u00f3n y solidaridad con la comunidad de Jes\u00fas de Nazareth"},"content":{"rendered":"\n<p><strong>ENTRE TORMENTAS.<\/strong> Un Nuevo Tiempo Zulia celebr\u00f3 el D\u00eda Internacional de la Arepa con una hermosa jornada en el barrio Jes\u00fas de Nazareth, parroquia Idelfonso V\u00e1squez. M\u00e1s de 30 dirigentes de la Direcci\u00f3n Ejecutiva Regional y el equipo de UNT Solidario se unieron a las familias del sector para compartir con un arepazo esta fecha emblem\u00e1tica.<\/p>\n\n\n\n<p>La presidenta de UNT Zulia, Nora Bracho, destac\u00f3 que esta celebraci\u00f3n es una oportunidad para compartir amor y solidaridad. \u201cQuisimos celebrar el D\u00eda Mundial de la Arepa de una manera especial. Venimos a compartir con la gente, a estar con quienes m\u00e1s lo necesitan, y a recordar que este d\u00eda tambi\u00e9n debe ser de uni\u00f3n, amor y solidaridad\u201d, expres\u00f3 la titular de la tolda azul en la regi\u00f3n.<\/p>\n\n\n\n<figure class=\"wp-block-image size-large\"><img fetchpriority=\"high\" decoding=\"async\" width=\"1024\" height=\"682\" src=\"https:\/\/entretormentas.com\/wp-content\/uploads\/2025\/09\/untarepa2-1024x682.jpeg\" alt=\"\" class=\"wp-image-21790\" srcset=\"https:\/\/entretormentas.com\/wp-content\/uploads\/2025\/09\/untarepa2-1024x682.jpeg 1024w, https:\/\/entretormentas.com\/wp-content\/uploads\/2025\/09\/untarepa2-300x200.jpeg 300w, https:\/\/entretormentas.com\/wp-content\/uploads\/2025\/09\/untarepa2-768x511.jpeg 768w, https:\/\/entretormentas.com\/wp-content\/uploads\/2025\/09\/untarepa2.jpeg 1280w\" sizes=\"(max-width: 1024px) 100vw, 1024px\" \/><\/figure>\n\n\n\n<p>Agreg\u00f3: \u00ab\u00a1Juntos podemos hacer que el D\u00eda Mundial de la Arepa sea un d\u00eda de uni\u00f3n, amor y de solidaridad en estos momentos dif\u00edciles por los que pasa el pa\u00eds. Vamos a repartir amor y arepas\u00bb, reiter\u00f3 Bracho durante el recorrido realizado junto a la dirigencia por toda la comunidad.<\/p>\n\n\n\n<p>Por su parte, Dorianys Fonseca, secretaria de UNT Solidario, resalt\u00f3 la importancia de la actividad y del programa Mam\u00e1 Arepa: \u201cHoy conmemoramos el D\u00eda Mundial de la Arepa con una actividad que demuestra nuestro firme compromiso con la comunidad. La arepa no es solo un alimento, es parte de nuestra cultura y, a trav\u00e9s de iniciativas como esta, reforzamos nuestra identidad y la solidaridad de nuestro partido. Esperamos seguir replicando este tipo de eventos durante toda la semana en distintas parroquias, contando siempre con el valioso apoyo de nuestros dirigentes y vecinos\u201d, expres\u00f3.<\/p>\n\n\n\n<figure class=\"wp-block-image size-large\"><img decoding=\"async\" width=\"1024\" height=\"682\" src=\"https:\/\/entretormentas.com\/wp-content\/uploads\/2025\/09\/untarepa3-1024x682.jpeg\" alt=\"\" class=\"wp-image-21791\" srcset=\"https:\/\/entretormentas.com\/wp-content\/uploads\/2025\/09\/untarepa3-1024x682.jpeg 1024w, https:\/\/entretormentas.com\/wp-content\/uploads\/2025\/09\/untarepa3-300x200.jpeg 300w, https:\/\/entretormentas.com\/wp-content\/uploads\/2025\/09\/untarepa3-768x511.jpeg 768w, https:\/\/entretormentas.com\/wp-content\/uploads\/2025\/09\/untarepa3.jpeg 1280w\" sizes=\"(max-width: 1024px) 100vw, 1024px\" \/><\/figure>\n\n\n\n<p>Entre los dirigentes que participaron estuvieron Zulay Medina, Nikarely y Nikary Mappari, Lilian N\u00fa\u00f1ez, Ruth Guerrero, Yineska Contreras, concejal de Maracaibo; Justo Berm\u00fadez; Gladys Socorro, diputada de la Asamblea Nacional; Yaneiza Romero; Onella Ocando; Luis Medina; Jhonatan L\u00f3pez; Lorena Petit e Imergla Duarte, quienes acompa\u00f1aron a la comunidad en un ambiente de fraternidad.<\/p>\n\n\n\n<p>Con esta iniciativa, UNT Zulia reafirma su compromiso de estar presente en las comunidades, compartiendo solidaridad con las personas desfavorecidas.<br><strong><em>ET \/ Prensa UNT<\/em><\/strong><\/p>\n\n\n\n<p><\/p>\n","protected":false},"excerpt":{"rendered":"<p>ENTRE TORMENTAS. Un Nuevo Tiempo Zulia celebr\u00f3 el D\u00eda Internacional de la Arepa con una&#8230;<\/p>\n","protected":false},"author":2,"featured_media":21792,"comment_status":"closed","ping_status":"open","sticky":false,"template":"","format":"standard","meta":{"footnotes":""},"categories":[57,1],"tags":[],"class_list":["post-21789","post","type-post","status-publish","format-standard","has-post-thumbnail","hentry","category-actualidad","category-regionales"],"_links":{"self":[{"href":"https:\/\/entretormentas.com\/index.php?rest_route=\/wp\/v2\/posts\/21789","targetHints":{"allow":["GET"]}}],"collection":[{"href":"https:\/\/entretormentas.com\/index.php?rest_route=\/wp\/v2\/posts"}],"about":[{"href":"https:\/\/entretormentas.com\/index.php?rest_route=\/wp\/v2\/types\/post"}],"author":[{"embeddable":true,"href":"https:\/\/entretormentas.com\/index.php?rest_route=\/wp\/v2\/users\/2"}],"replies":[{"embeddable":true,"href":"https:\/\/entretormentas.com\/index.php?rest_route=%2Fwp%2Fv2%2Fcomments&post=21789"}],"version-history":[{"count":1,"href":"https:\/\/entretormentas.com\/index.php?rest_route=\/wp\/v2\/posts\/21789\/revisions"}],"predecessor-version":[{"id":21793,"href":"https:\/\/entretormentas.com\/index.php?rest_route=\/wp\/v2\/posts\/21789\/revisions\/21793"}],"wp:featuredmedia":[{"embeddable":true,"href":"https:\/\/entretormentas.com\/index.php?rest_route=\/wp\/v2\/media\/21792"}],"wp:attachment":[{"href":"https:\/\/entretormentas.com\/index.php?rest_route=%2Fwp%2Fv2%2Fmedia&parent=21789"}],"wp:term":[{"taxonomy":"category","embeddable":true,"href":"https:\/\/entretormentas.com\/index.php?rest_route=%2Fwp%2Fv2%2Fcategories&post=21789"},{"taxonomy":"post_tag","embeddable":true,"href":"https:\/\/entretormentas.com\/index.php?rest_route=%2Fwp%2Fv2%2Ftags&post=21789"}],"curies":[{"name":"wp","href":"https:\/\/api.w.org\/{rel}","templated":true}]}}