{"id":21794,"date":"2025-09-14T19:25:14","date_gmt":"2025-09-14T23:25:14","guid":{"rendered":"https:\/\/entretormentas.com\/?p=21794"},"modified":"2025-09-14T19:25:15","modified_gmt":"2025-09-14T23:25:15","slug":"para-la-defensa-de-la-nacion-autoridades-civiles-y-militares-del-zulia-acompanan-adiestramiento-militar","status":"publish","type":"post","link":"https:\/\/entretormentas.com\/para-la-defensa-de-la-nacion-autoridades-civiles-y-militares-del-zulia-acompanan-adiestramiento-militar\/","title":{"rendered":"\u00a1PARA LA DEFENSA DE LA NACI\u00d3N! Autoridades civiles y militares del Zulia acompa\u00f1an adiestramiento militar"},"content":{"rendered":"\n<p><strong>ENTRE TORMENTAS.<\/strong> Las autoridades civiles y militares del estado Zulia acompa\u00f1aron a la fuerza patriota de la entidad, en el adiestramiento militar convocado por el presidente Nicol\u00e1s Maduro, para la defensa de la naci\u00f3n ante las amenazas del gobierno estadounidense.<\/p>\n\n\n\n<p>Desde la Base A\u00e9rea Rafael Urdaneta (Baru), situada en el municipio San Francisco, el Gobernador Luis Caldera manifest\u00f3 que los zulianos acudieron masivamente en los 20 cuarteles de la entidad, para unirse con mayor firmeza a la Fuerza Armada Nacional Bolivariana (Fanb) y entrenarse para garantizar la paz.<\/p>\n\n\n\n<figure class=\"wp-block-image size-large\"><img fetchpriority=\"high\" decoding=\"async\" width=\"1024\" height=\"683\" src=\"https:\/\/entretormentas.com\/wp-content\/uploads\/2025\/09\/MILILC2-1024x683.jpeg\" alt=\"\" class=\"wp-image-21795\" srcset=\"https:\/\/entretormentas.com\/wp-content\/uploads\/2025\/09\/MILILC2-1024x683.jpeg 1024w, https:\/\/entretormentas.com\/wp-content\/uploads\/2025\/09\/MILILC2-300x200.jpeg 300w, https:\/\/entretormentas.com\/wp-content\/uploads\/2025\/09\/MILILC2-768x512.jpeg 768w, https:\/\/entretormentas.com\/wp-content\/uploads\/2025\/09\/MILILC2.jpeg 1280w\" sizes=\"(max-width: 1024px) 100vw, 1024px\" \/><\/figure>\n\n\n\n<p>\u201cLas 576 unidades comunales de la Milicia Nacional en la regi\u00f3n, jefes de comunidad, Ubch, voceros de los 13 municipios desde la frontera en Guarero, hasta Catatumbo, Jes\u00fas Mar\u00eda Sempr\u00fam, Cabimas, San Francisco, todo el estado Zulia, estamos organizados en este Plan Independencia que ha ordenado nuestro Comandante en Jefe y presidente constitucional de la Rep\u00fablica Bolivariana de Venezuela Nicol\u00e1s Maduro\u201d, expres\u00f3.<\/p>\n\n\n\n<p>El gobernador, acompa\u00f1ado de los comandantes de la Redi Occidental y la Zodi Zulia, MG Pedro Gonz\u00e1lez y GD Javier Magallanes, respectivamente, dijo que el pueblo venezolano tiene dos semanas en alistamiento permanente y que ahora es la cohesi\u00f3n \u201cen combate, adiestramiento avanzado, donde el pueblo cubre los cuarteles con la bandera nacional, con el brazalete 4F que hoy simboliza Venezuela libre, independiente, soberana, pero sobre todo unida\u201d.<\/p>\n\n\n\n<figure class=\"wp-block-image size-large\"><img decoding=\"async\" width=\"1024\" height=\"683\" src=\"https:\/\/entretormentas.com\/wp-content\/uploads\/2025\/09\/MILILC3-1024x683.jpeg\" alt=\"\" class=\"wp-image-21796\" srcset=\"https:\/\/entretormentas.com\/wp-content\/uploads\/2025\/09\/MILILC3-1024x683.jpeg 1024w, https:\/\/entretormentas.com\/wp-content\/uploads\/2025\/09\/MILILC3-300x200.jpeg 300w, https:\/\/entretormentas.com\/wp-content\/uploads\/2025\/09\/MILILC3-768x512.jpeg 768w, https:\/\/entretormentas.com\/wp-content\/uploads\/2025\/09\/MILILC3.jpeg 1280w\" sizes=\"(max-width: 1024px) 100vw, 1024px\" \/><\/figure>\n\n\n\n<p>El MG Magallanes resalt\u00f3 la respuesta masiva de la fuerza patriota zuliana que lleg\u00f3 a la Baru a adiestrarse y capacitarse en el sistema AK-103: \u201cNuestro pueblo entrenando, cumpliendo la orden de operaciones, la Operaci\u00f3n Independencia 200 en resistencia activa y ofensiva permanente. Aqu\u00ed estamos para seguir garantizando la paz, pero la paz con la independencia, la paz con la uni\u00f3n nacional. Aqu\u00ed est\u00e1n los hijos e hijas de Bol\u00edvar, del Cacique Nigale en resistencia activa y ofensiva\u201d<\/p>\n\n\n\n<p>El jefe de la Zodi Zulia, GD Magallanes, reiter\u00f3 que la Milicia Nacional Bolivariana, el pueblo, los cuerpos combatientes asistieron de forma voluntaria y con el compromiso en la defensa de la Patria al adiestramiento para la defensa integral de Venezuela.<br><strong><em>ET \/ Nota de Prensa<\/em><\/strong><\/p>\n","protected":false},"excerpt":{"rendered":"<p>ENTRE TORMENTAS. Las autoridades civiles y militares del estado Zulia acompa\u00f1aron a la fuerza patriota&#8230;<\/p>\n","protected":false},"author":2,"featured_media":21797,"comment_status":"closed","ping_status":"open","sticky":false,"template":"","format":"standard","meta":{"footnotes":""},"categories":[57,1],"tags":[],"class_list":["post-21794","post","type-post","status-publish","format-standard","has-post-thumbnail","hentry","category-actualidad","category-regionales"],"_links":{"self":[{"href":"https:\/\/entretormentas.com\/index.php?rest_route=\/wp\/v2\/posts\/21794","targetHints":{"allow":["GET"]}}],"collection":[{"href":"https:\/\/entretormentas.com\/index.php?rest_route=\/wp\/v2\/posts"}],"about":[{"href":"https:\/\/entretormentas.com\/index.php?rest_route=\/wp\/v2\/types\/post"}],"author":[{"embeddable":true,"href":"https:\/\/entretormentas.com\/index.php?rest_route=\/wp\/v2\/users\/2"}],"replies":[{"embeddable":true,"href":"https:\/\/entretormentas.com\/index.php?rest_route=%2Fwp%2Fv2%2Fcomments&post=21794"}],"version-history":[{"count":1,"href":"https:\/\/entretormentas.com\/index.php?rest_route=\/wp\/v2\/posts\/21794\/revisions"}],"predecessor-version":[{"id":21798,"href":"https:\/\/entretormentas.com\/index.php?rest_route=\/wp\/v2\/posts\/21794\/revisions\/21798"}],"wp:featuredmedia":[{"embeddable":true,"href":"https:\/\/entretormentas.com\/index.php?rest_route=\/wp\/v2\/media\/21797"}],"wp:attachment":[{"href":"https:\/\/entretormentas.com\/index.php?rest_route=%2Fwp%2Fv2%2Fmedia&parent=21794"}],"wp:term":[{"taxonomy":"category","embeddable":true,"href":"https:\/\/entretormentas.com\/index.php?rest_route=%2Fwp%2Fv2%2Fcategories&post=21794"},{"taxonomy":"post_tag","embeddable":true,"href":"https:\/\/entretormentas.com\/index.php?rest_route=%2Fwp%2Fv2%2Ftags&post=21794"}],"curies":[{"name":"wp","href":"https:\/\/api.w.org\/{rel}","templated":true}]}}