{"id":21799,"date":"2025-09-14T19:31:31","date_gmt":"2025-09-14T23:31:31","guid":{"rendered":"https:\/\/entretormentas.com\/?p=21799"},"modified":"2025-09-14T19:31:32","modified_gmt":"2025-09-14T23:31:32","slug":"cmte-de-los-bomberos-de-san-francisco-hubo-una-reaccion-en-cadena-por-el-material-que-ahi-se-encontraba","status":"publish","type":"post","link":"https:\/\/entretormentas.com\/cmte-de-los-bomberos-de-san-francisco-hubo-una-reaccion-en-cadena-por-el-material-que-ahi-se-encontraba\/","title":{"rendered":"CMTE. DE LOS BOMBEROS DE SAN FRANCISCO: \u00abHubo una reacci\u00f3n en cadena por el material que ah\u00ed se encontraba\u00bb"},"content":{"rendered":"\n<p><strong><em>Hay 12 bomberos lesionados, aunque la mayor\u00eda ya fueron dados de alta<\/em><\/strong><\/p>\n\n\n\n<p><strong>ENTRE TORMENTAS. <\/strong>El comandante de Bomberos del municipio San Francisco, Jhon Bravo, llam\u00f3 a la calma tras la explosi\u00f3n de una empresa distribuidora de fuegos artificiales Gallo Verde, parroquia Marcial Hern\u00e1ndez, asegurando que la zona afectada est\u00e1 completamente resguardada y los vecinos est\u00e1n a salvo.<\/p>\n\n\n\n<p>Bravo fue enf\u00e1tico al hablar sobre la desinformaci\u00f3n y pidi\u00f3 tener conciencia ciudadana, ya que esta puede causar un da\u00f1o mental a la comunidad.<\/p>\n\n\n\n<p>En cuanto al suceso explic\u00f3 que fue una \u00abreacci\u00f3n en cadena producto del material que ah\u00ed se encontraba\u00bb. Detall\u00f3 que, a diferencia de un incendio convencional, se produjo una \u00abdetonaci\u00f3n supers\u00f3nica\u00bb, la cual se distingue por romper las barreras del sonido. Un incendio, por su parte, puede originarse por la presencia de combustible libre y una llama abierta. Para extinguir un incendio, se busca eliminar tres elementos clave: el ox\u00edgeno, el calor y el combustible.<\/p>\n\n\n\n<figure class=\"wp-block-image size-full\"><img fetchpriority=\"high\" decoding=\"async\" width=\"697\" height=\"456\" src=\"https:\/\/entretormentas.com\/wp-content\/uploads\/2025\/09\/bombesf2.jpeg\" alt=\"\" class=\"wp-image-21800\" srcset=\"https:\/\/entretormentas.com\/wp-content\/uploads\/2025\/09\/bombesf2.jpeg 697w, https:\/\/entretormentas.com\/wp-content\/uploads\/2025\/09\/bombesf2-300x196.jpeg 300w\" sizes=\"(max-width: 697px) 100vw, 697px\" \/><\/figure>\n\n\n\n<p>Se\u00f1al\u00f3 a Foco Informativo que los efectivos bomberiles actuaron con rapidez y estrategia, posicion\u00e1ndose en la parte trasera del galp\u00f3n para realizar una \u00abdefragmaci\u00f3n\u00bb de la empresa para poder mitigar los efectos de la explosi\u00f3n.<\/p>\n\n\n\n<p>\u00abNosotros est\u00e1bamos aproximadamente como a unos 700 metros del evento y aqu\u00ed en la sede de nuestro cuerpo bombero, que ustedes lo est\u00e1n viendo, son las afectaciones en la parte estructural. Imag\u00ednense ustedes la magnitud de esa detonaci\u00f3n\u00bb, dijo .<\/p>\n\n\n\n<p>El comandante de los Bomberos de San Francisco lament\u00f3 que 12 bomberos resultaron lesionados, la mayor\u00eda ya fueron dados de alta. Dos de ellos que no estaban de guardia, pero de manera voluntaria quisieron ayudar y son los que m\u00e1s sufrieron da\u00f1os. Uno de ellos fue operado, esperan que regrese a casa este mismo s\u00e1bado.<br><strong><em>ET \/ Foco Informativo<\/em><\/strong><\/p>\n","protected":false},"excerpt":{"rendered":"<p>Hay 12 bomberos lesionados, aunque la mayor\u00eda ya fueron dados de alta ENTRE TORMENTAS. El&#8230;<\/p>\n","protected":false},"author":2,"featured_media":21801,"comment_status":"closed","ping_status":"open","sticky":false,"template":"","format":"standard","meta":{"footnotes":""},"categories":[56,1],"tags":[],"class_list":["post-21799","post","type-post","status-publish","format-standard","has-post-thumbnail","hentry","category-destacadas","category-regionales"],"_links":{"self":[{"href":"https:\/\/entretormentas.com\/index.php?rest_route=\/wp\/v2\/posts\/21799","targetHints":{"allow":["GET"]}}],"collection":[{"href":"https:\/\/entretormentas.com\/index.php?rest_route=\/wp\/v2\/posts"}],"about":[{"href":"https:\/\/entretormentas.com\/index.php?rest_route=\/wp\/v2\/types\/post"}],"author":[{"embeddable":true,"href":"https:\/\/entretormentas.com\/index.php?rest_route=\/wp\/v2\/users\/2"}],"replies":[{"embeddable":true,"href":"https:\/\/entretormentas.com\/index.php?rest_route=%2Fwp%2Fv2%2Fcomments&post=21799"}],"version-history":[{"count":1,"href":"https:\/\/entretormentas.com\/index.php?rest_route=\/wp\/v2\/posts\/21799\/revisions"}],"predecessor-version":[{"id":21802,"href":"https:\/\/entretormentas.com\/index.php?rest_route=\/wp\/v2\/posts\/21799\/revisions\/21802"}],"wp:featuredmedia":[{"embeddable":true,"href":"https:\/\/entretormentas.com\/index.php?rest_route=\/wp\/v2\/media\/21801"}],"wp:attachment":[{"href":"https:\/\/entretormentas.com\/index.php?rest_route=%2Fwp%2Fv2%2Fmedia&parent=21799"}],"wp:term":[{"taxonomy":"category","embeddable":true,"href":"https:\/\/entretormentas.com\/index.php?rest_route=%2Fwp%2Fv2%2Fcategories&post=21799"},{"taxonomy":"post_tag","embeddable":true,"href":"https:\/\/entretormentas.com\/index.php?rest_route=%2Fwp%2Fv2%2Ftags&post=21799"}],"curies":[{"name":"wp","href":"https:\/\/api.w.org\/{rel}","templated":true}]}}