{"id":21815,"date":"2025-09-15T04:10:19","date_gmt":"2025-09-15T08:10:19","guid":{"rendered":"https:\/\/entretormentas.com\/?p=21815"},"modified":"2025-09-15T04:10:20","modified_gmt":"2025-09-15T08:10:20","slug":"desde-la-plazoleta-de-la-basilica-concierto-une-al-estado-zulia-por-la-paz-y-la-soberania","status":"publish","type":"post","link":"https:\/\/entretormentas.com\/desde-la-plazoleta-de-la-basilica-concierto-une-al-estado-zulia-por-la-paz-y-la-soberania\/","title":{"rendered":"\u00a1DESDE LA PLAZOLETA DE LA BAS\u00cdLICA! Concierto une al estado Zulia por la paz y la soberan\u00eda"},"content":{"rendered":"\n<p><strong>ENTRE TORMENTAS.<\/strong> La plazoleta de la Bas\u00edlica de Nuestra Se\u00f1ora de Chiquinquir\u00e1 se convirti\u00f3 en el epicentro de un encuentro cultural sin precedentes con el Concierto por la Soberan\u00eda y la Paz, organizado por la Gobernaci\u00f3n del estado Zulia y varias alcald\u00edas, en respaldo al gobierno nacional ante la amenaza de una intervenci\u00f3n militar por parte de los Estados Unidos.<\/p>\n\n\n\n<p>El evento, que reuni\u00f3 a miles de zulianos, tuvo como objetivo celebrar la identidad territorial, el derecho a la paz y la soberan\u00eda de Venezuela.<\/p>\n\n\n\n<figure class=\"wp-block-image size-large\"><img fetchpriority=\"high\" decoding=\"async\" width=\"1024\" height=\"683\" src=\"https:\/\/entretormentas.com\/wp-content\/uploads\/2025\/09\/concierba2-1024x683.jpeg\" alt=\"\" class=\"wp-image-21816\" srcset=\"https:\/\/entretormentas.com\/wp-content\/uploads\/2025\/09\/concierba2-1024x683.jpeg 1024w, https:\/\/entretormentas.com\/wp-content\/uploads\/2025\/09\/concierba2-300x200.jpeg 300w, https:\/\/entretormentas.com\/wp-content\/uploads\/2025\/09\/concierba2-768x512.jpeg 768w, https:\/\/entretormentas.com\/wp-content\/uploads\/2025\/09\/concierba2.jpeg 1280w\" sizes=\"(max-width: 1024px) 100vw, 1024px\" \/><\/figure>\n\n\n\n<p>Entre los asistentes destacaron el gobernador del Zulia, Luis Caldera; el mayor general Pedro Gonz\u00e1lez, comandante de la REDI N\u00b01 Occidental; Giancarlo Di Martino, alcalde de Maracaibo; y Jessy Gasc\u00f3n, presidenta del Concejo Municipal de Maracaibo, entre otras autoridades de distintos municipios del Zulia.<\/p>\n\n\n\n<p>Durante su intervenci\u00f3n, Caldera reiter\u00f3 que Venezuela es tierra de paz y, desde el Zulia, los distintos ensambles y orquestas participantes en este concierto env\u00edan un mensaje de uni\u00f3n y trabajo. \u201cLa justicia y la paz est\u00e1n entrelazadas. Sin justicia la paz est\u00e1 comprometida, y nuestra justicia es la soberan\u00eda, la integridad territorial y nuestro derecho a existir como naci\u00f3n\u201d.<\/p>\n\n\n\n<p>El alcalde de Maracaibo, Gian Carlo Di Martino, tambi\u00e9n dirigi\u00f3 unas palabras en las que resalt\u00f3 que Venezuela seguir\u00e1 transitando el camino de la paz. Asegur\u00f3 que el pa\u00eds no se desviar\u00e1 de su proyecto hist\u00f3rico y que la meta es consolidar el poder popular como base fundamental para la construcci\u00f3n del socialismo y de la patria.<\/p>\n\n\n\n<p><strong>INICIO CON BENDICI\u00d3N<\/strong><br>La jornada comenz\u00f3 a las 6:30 de la tarde con la campanada de la Bas\u00edlica y la bendici\u00f3n del presb\u00edtero Nedward Andrade, quien pidi\u00f3 a los presentes que dispusieran su alma y coraz\u00f3n para que el concierto se convirtiera en una alabanza a Dios. En su oraci\u00f3n solicit\u00f3 paz para cada rinc\u00f3n del pa\u00eds, protecci\u00f3n para las fronteras y la dignidad de la naci\u00f3n, as\u00ed como sabidur\u00eda para los l\u00edderes y unidad para el pueblo venezolano.<\/p>\n\n\n\n<p>\u201cSe\u00f1or Jesucristo, te pedimos por nuestra amada patria, conc\u00e9dele la paz en cada rinc\u00f3n de su hermosa tierra, protege sus fronteras y su dignidad como naci\u00f3n\u201d.<\/p>\n\n\n\n<figure class=\"wp-block-image size-large\"><img decoding=\"async\" width=\"1024\" height=\"683\" src=\"https:\/\/entretormentas.com\/wp-content\/uploads\/2025\/09\/concierba3-1024x683.jpeg\" alt=\"\" class=\"wp-image-21817\" srcset=\"https:\/\/entretormentas.com\/wp-content\/uploads\/2025\/09\/concierba3-1024x683.jpeg 1024w, https:\/\/entretormentas.com\/wp-content\/uploads\/2025\/09\/concierba3-300x200.jpeg 300w, https:\/\/entretormentas.com\/wp-content\/uploads\/2025\/09\/concierba3-768x512.jpeg 768w, https:\/\/entretormentas.com\/wp-content\/uploads\/2025\/09\/concierba3.jpeg 1280w\" sizes=\"(max-width: 1024px) 100vw, 1024px\" \/><\/figure>\n\n\n\n<p><strong>M\u00daSICA PARA LA UNI\u00d3N<\/strong><br>A lo largo de la velada, los asistentes disfrutaron de un despliegue musical que integr\u00f3 orquestas, bandas militares, agrupaciones populares y artistas regionales en una fusi\u00f3n art\u00edstica que exalt\u00f3 la cultura nacional. El Sistema de Orquestas Sim\u00f3n Bol\u00edvar, la Banda Marcial de la Fuerza Armada Nacional Bolivariana, el ensamble gaitero de FUNDAGRAEZ junto a la Polic\u00eda Nacional, int\u00e9rpretes de m\u00fasica llanera y agrupaciones sinf\u00f3nicas ofrecieron un repertorio cargado de identidad venezolana.<\/p>\n\n\n\n<p>El p\u00fablico core\u00f3 y celebr\u00f3 canciones emblem\u00e1ticas como Sentir Zuliano, Prefiero mi Gaita, Mi Gentilicio, Aquel Zuliano, Ciudad m\u00e1s Bella, La Retreta, Maracaibo Inmensa, Soy Venezuela, Venezuela, Caballo Viejo y Aires de Venezuela. Con cada interpretaci\u00f3n se consolid\u00f3 un ambiente de celebraci\u00f3n y hermandad, donde la m\u00fasica se convirti\u00f3 en un instrumento de uni\u00f3n y resistencia frente a las adversidades.<br><strong><em>ET \/ Nota de Prensa<\/em><\/strong><\/p>\n","protected":false},"excerpt":{"rendered":"<p>ENTRE TORMENTAS. La plazoleta de la Bas\u00edlica de Nuestra Se\u00f1ora de Chiquinquir\u00e1 se convirti\u00f3 en&#8230;<\/p>\n","protected":false},"author":2,"featured_media":21818,"comment_status":"closed","ping_status":"open","sticky":false,"template":"","format":"standard","meta":{"footnotes":""},"categories":[57,1],"tags":[],"class_list":["post-21815","post","type-post","status-publish","format-standard","has-post-thumbnail","hentry","category-actualidad","category-regionales"],"_links":{"self":[{"href":"https:\/\/entretormentas.com\/index.php?rest_route=\/wp\/v2\/posts\/21815","targetHints":{"allow":["GET"]}}],"collection":[{"href":"https:\/\/entretormentas.com\/index.php?rest_route=\/wp\/v2\/posts"}],"about":[{"href":"https:\/\/entretormentas.com\/index.php?rest_route=\/wp\/v2\/types\/post"}],"author":[{"embeddable":true,"href":"https:\/\/entretormentas.com\/index.php?rest_route=\/wp\/v2\/users\/2"}],"replies":[{"embeddable":true,"href":"https:\/\/entretormentas.com\/index.php?rest_route=%2Fwp%2Fv2%2Fcomments&post=21815"}],"version-history":[{"count":1,"href":"https:\/\/entretormentas.com\/index.php?rest_route=\/wp\/v2\/posts\/21815\/revisions"}],"predecessor-version":[{"id":21819,"href":"https:\/\/entretormentas.com\/index.php?rest_route=\/wp\/v2\/posts\/21815\/revisions\/21819"}],"wp:featuredmedia":[{"embeddable":true,"href":"https:\/\/entretormentas.com\/index.php?rest_route=\/wp\/v2\/media\/21818"}],"wp:attachment":[{"href":"https:\/\/entretormentas.com\/index.php?rest_route=%2Fwp%2Fv2%2Fmedia&parent=21815"}],"wp:term":[{"taxonomy":"category","embeddable":true,"href":"https:\/\/entretormentas.com\/index.php?rest_route=%2Fwp%2Fv2%2Fcategories&post=21815"},{"taxonomy":"post_tag","embeddable":true,"href":"https:\/\/entretormentas.com\/index.php?rest_route=%2Fwp%2Fv2%2Ftags&post=21815"}],"curies":[{"name":"wp","href":"https:\/\/api.w.org\/{rel}","templated":true}]}}