{"id":21820,"date":"2025-09-15T04:14:12","date_gmt":"2025-09-15T08:14:12","guid":{"rendered":"https:\/\/entretormentas.com\/?p=21820"},"modified":"2025-09-15T04:14:12","modified_gmt":"2025-09-15T08:14:12","slug":"con-jornada-soy-venezolano-alcaldia-de-maracaibo-otorga-actas-de-nacimiento-extemporaneas-a-ninos-de-la-ciudad","status":"publish","type":"post","link":"https:\/\/entretormentas.com\/con-jornada-soy-venezolano-alcaldia-de-maracaibo-otorga-actas-de-nacimiento-extemporaneas-a-ninos-de-la-ciudad\/","title":{"rendered":"\u00a1CON JORNADA SOY VENEZOLANO! Alcald\u00eda de Maracaibo otorga actas de nacimiento extempor\u00e1neas a ni\u00f1os de la ciudad"},"content":{"rendered":"\n<p><strong>ENTRE TORMENTAS.<\/strong> En la primera jornada de identidad \u00abSoy venezolano\u00bb la Alcald\u00eda de Maracaibo otorg\u00f3 43 actas de nacimiento extempor\u00e1neas y extrahospitalarias a ni\u00f1os y ni\u00f1as de la parroquia Ildefonso V\u00e1squez, del Municipio Maracaibo.<\/p>\n\n\n\n<p>As\u00ed lo inform\u00f3 Ana Clara Barboza de Di Martino, directora de Desarrollo Social de la Alcald\u00eda de Maracaibo, durante la actividad realizada en la Plaza para Todos.<\/p>\n\n\n\n<figure class=\"wp-block-image size-large\"><img fetchpriority=\"high\" decoding=\"async\" width=\"1024\" height=\"634\" src=\"https:\/\/entretormentas.com\/wp-content\/uploads\/2025\/09\/registro2-1024x634.jpeg\" alt=\"\" class=\"wp-image-21821\" srcset=\"https:\/\/entretormentas.com\/wp-content\/uploads\/2025\/09\/registro2-1024x634.jpeg 1024w, https:\/\/entretormentas.com\/wp-content\/uploads\/2025\/09\/registro2-300x186.jpeg 300w, https:\/\/entretormentas.com\/wp-content\/uploads\/2025\/09\/registro2-768x476.jpeg 768w, https:\/\/entretormentas.com\/wp-content\/uploads\/2025\/09\/registro2.jpeg 1161w\" sizes=\"(max-width: 1024px) 100vw, 1024px\" \/><\/figure>\n\n\n\n<p>Un equipo de trabajo logr\u00f3 darle identidad a una poblaci\u00f3n infantil, en una labor conjunta en la cual participaron: Direcci\u00f3n Regional del CNE, la coordinaci\u00f3n de los registros civiles municipales, a cargo de Yraima D\u00edaz, del registro Civil de Ildefonso V\u00e1zquez, coordinado por Leslie Atenci\u00f3n, el Consejo de Protecci\u00f3n, coordinado por Jackeline Rodr\u00edguez y Desarrollo Social de la Alcald\u00eda de Maracaibo.<\/p>\n\n\n\n<p><strong>CASOS EXTEMPOR\u00c1NEOS Y EXTRAHOSPITALARIOS<\/strong><br>Refiri\u00f3 Ana Clara Barboza de Di Martino que en las comunidades ind\u00edgenas hay muchos casos de nacimiento extempor\u00e1neo y extrahospitalarios.<\/p>\n\n\n\n<p>Precis\u00f3 que el extempor\u00e1neo es cuando un ni\u00f1o, no es presentado en un lapso de 90 d\u00edas, como lo establece la ley y transcurren 2, 3, 5, 8 y 9 a\u00f1os sin ese registro, por diversas causas.<\/p>\n\n\n\n<figure class=\"wp-block-image size-large\"><img decoding=\"async\" width=\"1024\" height=\"676\" src=\"https:\/\/entretormentas.com\/wp-content\/uploads\/2025\/09\/registro3-1024x676.jpeg\" alt=\"\" class=\"wp-image-21822\" srcset=\"https:\/\/entretormentas.com\/wp-content\/uploads\/2025\/09\/registro3-1024x676.jpeg 1024w, https:\/\/entretormentas.com\/wp-content\/uploads\/2025\/09\/registro3-300x198.jpeg 300w, https:\/\/entretormentas.com\/wp-content\/uploads\/2025\/09\/registro3-768x507.jpeg 768w, https:\/\/entretormentas.com\/wp-content\/uploads\/2025\/09\/registro3.jpeg 1280w\" sizes=\"(max-width: 1024px) 100vw, 1024px\" \/><\/figure>\n\n\n\n<p>Mientras que los extra hospitalarios, son los atendidos por parteras, cuyo nacimiento no ten\u00edan c\u00f3mo acreditarlo pero nuestra ley prev\u00e9 esos casos.<\/p>\n\n\n\n<p>La directora de Desarrollo Social agreg\u00f3 que \u00abLa intenci\u00f3n es visibilizar a nuestros ni\u00f1os y ni\u00f1as que no tienen su acta de nacimiento, garantizar sus derechos e incrementar la tasa de escolaridad\u00bb.<\/p>\n\n\n\n<p>Previo a la jornada se hizo un censo, a cargo de las salas de autogobierno de los circuitos comunales y la siguiente etapa es la emisi\u00f3n de la c\u00e9dula de identidad, ya se est\u00e1n haciendo gestiones en el SAIME, con el apoyo del Gobierno nacional y del Gobierno regional.<br><strong><em>ET \/ Prensa Alcald\u00eda de Maracaibo<\/em><\/strong><\/p>\n","protected":false},"excerpt":{"rendered":"<p>ENTRE TORMENTAS. En la primera jornada de identidad \u00abSoy venezolano\u00bb la Alcald\u00eda de Maracaibo otorg\u00f3&#8230;<\/p>\n","protected":false},"author":2,"featured_media":21823,"comment_status":"closed","ping_status":"open","sticky":false,"template":"","format":"standard","meta":{"footnotes":""},"categories":[57,1],"tags":[],"class_list":["post-21820","post","type-post","status-publish","format-standard","has-post-thumbnail","hentry","category-actualidad","category-regionales"],"_links":{"self":[{"href":"https:\/\/entretormentas.com\/index.php?rest_route=\/wp\/v2\/posts\/21820","targetHints":{"allow":["GET"]}}],"collection":[{"href":"https:\/\/entretormentas.com\/index.php?rest_route=\/wp\/v2\/posts"}],"about":[{"href":"https:\/\/entretormentas.com\/index.php?rest_route=\/wp\/v2\/types\/post"}],"author":[{"embeddable":true,"href":"https:\/\/entretormentas.com\/index.php?rest_route=\/wp\/v2\/users\/2"}],"replies":[{"embeddable":true,"href":"https:\/\/entretormentas.com\/index.php?rest_route=%2Fwp%2Fv2%2Fcomments&post=21820"}],"version-history":[{"count":1,"href":"https:\/\/entretormentas.com\/index.php?rest_route=\/wp\/v2\/posts\/21820\/revisions"}],"predecessor-version":[{"id":21824,"href":"https:\/\/entretormentas.com\/index.php?rest_route=\/wp\/v2\/posts\/21820\/revisions\/21824"}],"wp:featuredmedia":[{"embeddable":true,"href":"https:\/\/entretormentas.com\/index.php?rest_route=\/wp\/v2\/media\/21823"}],"wp:attachment":[{"href":"https:\/\/entretormentas.com\/index.php?rest_route=%2Fwp%2Fv2%2Fmedia&parent=21820"}],"wp:term":[{"taxonomy":"category","embeddable":true,"href":"https:\/\/entretormentas.com\/index.php?rest_route=%2Fwp%2Fv2%2Fcategories&post=21820"},{"taxonomy":"post_tag","embeddable":true,"href":"https:\/\/entretormentas.com\/index.php?rest_route=%2Fwp%2Fv2%2Ftags&post=21820"}],"curies":[{"name":"wp","href":"https:\/\/api.w.org\/{rel}","templated":true}]}}